{"id":77519,"date":"2026-09-02T19:41:53","date_gmt":"2026-09-02T22:41:53","guid":{"rendered":"https:\/\/maricatotal.com.br\/site\/?p=77519"},"modified":"2026-09-02T19:42:43","modified_gmt":"2026-09-02T22:42:43","slug":"diego-quaqua-se-reune-com-taxistas-de-marica-e-defende-avanco-nacional-nas-pautas-da-categoria","status":"publish","type":"post","link":"https:\/\/maricatotal.com.br\/site\/2026\/09\/02\/diego-quaqua-se-reune-com-taxistas-de-marica-e-defende-avanco-nacional-nas-pautas-da-categoria\/","title":{"rendered":"Diego Quaqu\u00e1 se re\u00fane com taxistas de Maric\u00e1 e defende avan\u00e7o nacional nas pautas da categoria"},"content":{"rendered":"\n<p class=\"wp-block-paragraph\">Fotos: Issac Eduardo<\/p>\n\n\n\n<p class=\"wp-block-paragraph\">O presidente estadual do PT no Rio de Janeiro, Diego Quaqu\u00e1, se reuniu com taxistas de Maric\u00e1 para ouvir as principais demandas da categoria e discutir propostas que possam garantir mais dignidade, seguran\u00e7a e valoriza\u00e7\u00e3o para essa categoria. A pauta n\u00e3o \u00e9 nova para Diego Quaqu\u00e1. Ainda durante sua passagem pela Prefeitura de Maric\u00e1 como vice-prefeito, ele j\u00e1 participou de discuss\u00f5es e iniciativas voltadas aos taxistas do munic\u00edpio, acompanhando de perto os desafios enfrentados diariamente por quem trabalha no transporte de passageiros.<\/p>\n\n\n\n<p class=\"wp-block-paragraph\">Agora, como candidato a Deputado Federal, Diego ambiciona ampliar esse debate e levar as demandas dos taxistas, n\u00e3o s\u00f3 de Maric\u00e1 como de todo Esqtado, para o n\u00edvel nacional. A proposta \u00e9 construir, junto com a categoria, uma agenda que contemple melhores condi\u00e7\u00f5es de trabalho, valoriza\u00e7\u00e3o profissional, seguran\u00e7a e pol\u00edticas p\u00fablicas que reconhe\u00e7am a import\u00e2ncia dos taxistas para a mobilidade urbana.<\/p>\n\n\n\n<p class=\"wp-block-paragraph\">\u201cEssa \u00e9 uma discuss\u00e3o que eu j\u00e1 acompanhava quando era vice-prefeito e que continua sendo muito importante. O taxista \u00e9 um trabalhador que est\u00e1 na rua todos os dias, atendendo a popula\u00e7\u00e3o e ajudando a movimentar a cidade. Como deputado federal, quero levar essa discuss\u00e3o para Bras\u00edlia e ajudar a construir pol\u00edticas nacionais que garantam mais direitos, respeito e dignidade para esses trabalhadores\u201d, destacou Diego Quaqu\u00e1.<\/p>\n\n\n\n<p class=\"wp-block-paragraph\">A reuni\u00e3o refor\u00e7ou o compromisso de manter um di\u00e1logo permanente com a categoria e transformar as demandas apresentadas pelos profissionais em propostas concretas, ampliando a discuss\u00e3o de Maric\u00e1 para todo o Brasil.<\/p>\n","protected":false},"excerpt":{"rendered":"<p>Fotos: Issac Eduardo O presidente estadual do PT no Rio de Janeiro, Diego Quaqu\u00e1, se reuniu com taxistas de Maric\u00e1<\/p>\n","protected":false},"author":1,"featured_media":77521,"comment_status":"open","ping_status":"open","sticky":false,"template":"","format":"standard","meta":{"colormag_page_container_layout":"default_layout","colormag_page_sidebar_layout":"default_layout","footnotes":""},"categories":[1],"tags":[],"class_list":["post-77519","post","type-post","status-publish","format-standard","has-post-thumbnail","hentry","category-noticias"],"amp_enabled":true,"_links":{"self":[{"href":"https:\/\/maricatotal.com.br\/site\/wp-json\/wp\/v2\/posts\/77519","targetHints":{"allow":["GET"]}}],"collection":[{"href":"https:\/\/maricatotal.com.br\/site\/wp-json\/wp\/v2\/posts"}],"about":[{"href":"https:\/\/maricatotal.com.br\/site\/wp-json\/wp\/v2\/types\/post"}],"author":[{"embeddable":true,"href":"https:\/\/maricatotal.com.br\/site\/wp-json\/wp\/v2\/users\/1"}],"replies":[{"embeddable":true,"href":"https:\/\/maricatotal.com.br\/site\/wp-json\/wp\/v2\/comments?post=77519"}],"version-history":[{"count":2,"href":"https:\/\/maricatotal.com.br\/site\/wp-json\/wp\/v2\/posts\/77519\/revisions"}],"predecessor-version":[{"id":77524,"href":"https:\/\/maricatotal.com.br\/site\/wp-json\/wp\/v2\/posts\/77519\/revisions\/77524"}],"wp:featuredmedia":[{"embeddable":true,"href":"https:\/\/maricatotal.com.br\/site\/wp-json\/wp\/v2\/media\/77521"}],"wp:attachment":[{"href":"https:\/\/maricatotal.com.br\/site\/wp-json\/wp\/v2\/media?parent=77519"}],"wp:term":[{"taxonomy":"category","embeddable":true,"href":"https:\/\/maricatotal.com.br\/site\/wp-json\/wp\/v2\/categories?post=77519"},{"taxonomy":"post_tag","embeddable":true,"href":"https:\/\/maricatotal.com.br\/site\/wp-json\/wp\/v2\/tags?post=77519"}],"curies":[{"name":"wp","href":"https:\/\/api.w.org\/{rel}","templated":true}]}}