{"id":77526,"date":"2026-09-03T18:43:14","date_gmt":"2026-09-03T21:43:14","guid":{"rendered":"https:\/\/maricatotal.com.br\/site\/?p=77526"},"modified":"2026-09-03T19:34:28","modified_gmt":"2026-09-03T22:34:28","slug":"foragido-condenado-a-23-anos-por-feminicidio-e-preso-pela-policia-civil-em-marica","status":"publish","type":"post","link":"https:\/\/maricatotal.com.br\/site\/2026\/09\/03\/foragido-condenado-a-23-anos-por-feminicidio-e-preso-pela-policia-civil-em-marica\/","title":{"rendered":"Foragido condenado a 23 anos por feminic\u00eddio \u00e9 preso pela Pol\u00edcia Civil em Maric\u00e1"},"content":{"rendered":"\n<p class=\"wp-block-paragraph\">Um homem condenado a <strong>23 anos de pris\u00e3o pelo assassinato da ex-companheira na Bahia<\/strong> foi localizado e preso pela Pol\u00edcia Civil na manh\u00e3 desta quinta-feira (3), em <strong>Jacaro\u00e1, Maric\u00e1<\/strong>. A captura ocorreu durante uma a\u00e7\u00e3o da <strong>Opera\u00e7\u00e3o Captura<\/strong>, iniciativa voltada \u00e0 localiza\u00e7\u00e3o de pessoas procuradas pela Justi\u00e7a.<\/p>\n\n\n\n<p class=\"wp-block-paragraph\">A pris\u00e3o foi realizada por agentes da <strong>82\u00aa DP (Maric\u00e1)<\/strong>, em conjunto com policiais da <strong>59\u00aa DP (Duque de Caxias)<\/strong> e com apoio da <strong>5\u00aa COORPIN de Valen\u00e7a, na Bahia<\/strong>. O trabalho foi resultado do compartilhamento de informa\u00e7\u00f5es de intelig\u00eancia entre as unidades policiais dos dois estados.<\/p>\n\n\n\n<p class=\"wp-block-paragraph\">Segundo as investiga\u00e7\u00f5es, <strong>F\u00e1bio L\u00facio Santos das Virgens, conhecido como \u201cBaiano\u201d, de 34 anos<\/strong>, estava escondido em uma resid\u00eancia no bairro de Jacaro\u00e1. Contra ele havia um mandado de pris\u00e3o decorrente de condena\u00e7\u00e3o pelo <strong>Tribunal do J\u00fari de Itapetinga (BA)<\/strong>.<\/p>\n\n\n\n<p class=\"wp-block-paragraph\">O crime ocorreu em <strong>2016<\/strong>, quando a v\u00edtima, ent\u00e3o com 19 anos, foi encontrada morta na resid\u00eancia onde vivia. Conforme informa\u00e7\u00f5es reunidas pela investiga\u00e7\u00e3o baiana, ela teria sido assassinada por asfixia. Ap\u00f3s o crime, o corpo teria sido levado para o banheiro da casa.<\/p>\n\n\n\n<p class=\"wp-block-paragraph\">Ainda de acordo com a Pol\u00edcia Civil, F\u00e1bio chegou a ser preso em flagrante pela Pol\u00edcia Militar da Bahia na \u00e9poca, mas posteriormente obteve liberdade provis\u00f3ria. Ap\u00f3s ser julgado e condenado a <strong>23 anos de reclus\u00e3o em regime fechado<\/strong>, ele teria deixado a Bahia e seguido para o Rio de Janeiro, onde permaneceu por anos sem ser localizado.<\/p>\n\n\n\n<p class=\"wp-block-paragraph\">Com o cruzamento das informa\u00e7\u00f5es entre as pol\u00edcias do Rio de Janeiro e da Bahia, os agentes conseguiram identificar o endere\u00e7o onde o condenado estaria escondido e realizaram a pris\u00e3o.<\/p>\n\n\n\n<p class=\"wp-block-paragraph\">A ocorr\u00eancia foi registrada na <strong>82\u00aa DP, em Maric\u00e1<\/strong>. A Pol\u00edcia Civil informou que a a\u00e7\u00e3o integra a <strong>Opera\u00e7\u00e3o Captura<\/strong>, iniciada em agosto com o objetivo de localizar e prender foragidos da Justi\u00e7a em diferentes regi\u00f5es do estado.<\/p>\n","protected":false},"excerpt":{"rendered":"<p>Um homem condenado a 23 anos de pris\u00e3o pelo assassinato da ex-companheira na Bahia foi localizado e preso pela Pol\u00edcia<\/p>\n","protected":false},"author":1,"featured_media":77532,"comment_status":"open","ping_status":"open","sticky":false,"template":"","format":"standard","meta":{"colormag_page_container_layout":"default_layout","colormag_page_sidebar_layout":"default_layout","footnotes":""},"categories":[1],"tags":[],"class_list":["post-77526","post","type-post","status-publish","format-standard","has-post-thumbnail","hentry","category-noticias"],"amp_enabled":true,"_links":{"self":[{"href":"https:\/\/maricatotal.com.br\/site\/wp-json\/wp\/v2\/posts\/77526","targetHints":{"allow":["GET"]}}],"collection":[{"href":"https:\/\/maricatotal.com.br\/site\/wp-json\/wp\/v2\/posts"}],"about":[{"href":"https:\/\/maricatotal.com.br\/site\/wp-json\/wp\/v2\/types\/post"}],"author":[{"embeddable":true,"href":"https:\/\/maricatotal.com.br\/site\/wp-json\/wp\/v2\/users\/1"}],"replies":[{"embeddable":true,"href":"https:\/\/maricatotal.com.br\/site\/wp-json\/wp\/v2\/comments?post=77526"}],"version-history":[{"count":1,"href":"https:\/\/maricatotal.com.br\/site\/wp-json\/wp\/v2\/posts\/77526\/revisions"}],"predecessor-version":[{"id":77528,"href":"https:\/\/maricatotal.com.br\/site\/wp-json\/wp\/v2\/posts\/77526\/revisions\/77528"}],"wp:featuredmedia":[{"embeddable":true,"href":"https:\/\/maricatotal.com.br\/site\/wp-json\/wp\/v2\/media\/77532"}],"wp:attachment":[{"href":"https:\/\/maricatotal.com.br\/site\/wp-json\/wp\/v2\/media?parent=77526"}],"wp:term":[{"taxonomy":"category","embeddable":true,"href":"https:\/\/maricatotal.com.br\/site\/wp-json\/wp\/v2\/categories?post=77526"},{"taxonomy":"post_tag","embeddable":true,"href":"https:\/\/maricatotal.com.br\/site\/wp-json\/wp\/v2\/tags?post=77526"}],"curies":[{"name":"wp","href":"https:\/\/api.w.org\/{rel}","templated":true}]}}