{"id":77530,"date":"2026-09-03T18:57:39","date_gmt":"2026-09-03T21:57:39","guid":{"rendered":"https:\/\/maricatotal.com.br\/site\/?p=77530"},"modified":"2026-09-03T18:57:42","modified_gmt":"2026-09-03T21:57:42","slug":"homem-de-61-anos-e-preso-em-marica-por-suspeita-de-estupro-durante-operacao-captura","status":"publish","type":"post","link":"https:\/\/maricatotal.com.br\/site\/2026\/09\/03\/homem-de-61-anos-e-preso-em-marica-por-suspeita-de-estupro-durante-operacao-captura\/","title":{"rendered":"Homem de 61 anos \u00e9 preso em Maric\u00e1 por suspeita de estupro durante Opera\u00e7\u00e3o Captura"},"content":{"rendered":"\n<p class=\"wp-block-paragraph\">Um homem de <strong>61 anos foi preso pela Pol\u00edcia Civil na manh\u00e3 desta quinta-feira (3)<\/strong>, em Maric\u00e1, durante uma a\u00e7\u00e3o da <strong>Opera\u00e7\u00e3o Captura<\/strong>. Ele \u00e9 investigado por <strong>estupro<\/strong> e tamb\u00e9m teria sido alvo de uma nova investiga\u00e7\u00e3o ap\u00f3s tentar pressionar a v\u00edtima a retirar a den\u00fancia.<\/p>\n\n\n\n<p class=\"wp-block-paragraph\">A pris\u00e3o de <strong>Carlos Alberto Ribeiro<\/strong> ocorreu por volta das 6h, na <strong>Rua 6, no Vale da Figueira, regi\u00e3o de Ponta Negra<\/strong>, ap\u00f3s agentes da <strong>82\u00aa DP (Maric\u00e1)<\/strong> cumprirem um mandado de pris\u00e3o preventiva expedido pela Justi\u00e7a.<\/p>\n\n\n\n<p class=\"wp-block-paragraph\">Segundo a investiga\u00e7\u00e3o, o crime aconteceu na tarde de <strong>23 de junho<\/strong>, quando a v\u00edtima caminhava da escola em dire\u00e7\u00e3o \u00e0 resid\u00eancia. Conforme o relato policial, ela teria sido surpreendida pelo suspeito, que estaria armado com uma faca e a teria levado, sob amea\u00e7a, para uma constru\u00e7\u00e3o localizada \u00e0s margens da via.<\/p>\n\n\n\n<p class=\"wp-block-paragraph\">Ainda de acordo com a Pol\u00edcia Civil, a v\u00edtima conseguiu escapar durante um momento de distra\u00e7\u00e3o do agressor e correu pela rua em busca de ajuda. Ela teria sido inicialmente auxiliada por um morador da regi\u00e3o e, posteriormente, pelo pr\u00f3prio pai. O suspeito teria fugido para uma \u00e1rea de mata ap\u00f3s ser confrontado por pessoas que estavam no local.<\/p>\n\n\n\n<p class=\"wp-block-paragraph\"><strong>\ud83d\udcde Suspeito teria procurado a v\u00edtima<\/strong><\/p>\n\n\n\n<p class=\"wp-block-paragraph\">As investiga\u00e7\u00f5es apontaram ainda que, no in\u00edcio de julho, ap\u00f3s tomar conhecimento do andamento do caso, o investigado teria entrado em contato diretamente com a v\u00edtima por telefone.<\/p>\n\n\n\n<p class=\"wp-block-paragraph\">Segundo a Pol\u00edcia Civil, durante a liga\u00e7\u00e3o ele teria se identificado e exigido que ela retirasse a ocorr\u00eancia registrada na delegacia. A atitude resultou na apura\u00e7\u00e3o de um segundo crime, <strong>coa\u00e7\u00e3o no curso do processo<\/strong>, previsto no artigo 344 do C\u00f3digo Penal.<\/p>\n\n\n\n<p class=\"wp-block-paragraph\">Diante dos elementos reunidos durante as investiga\u00e7\u00f5es, a autoridade policial representou pela <strong>pris\u00e3o preventiva<\/strong> do suspeito. O pedido foi posteriormente autorizado pela Justi\u00e7a, considerando, entre outros fatores, a gravidade dos fatos e a suposta tentativa de interferir na investiga\u00e7\u00e3o e intimidar a v\u00edtima.<\/p>\n\n\n\n<p class=\"wp-block-paragraph\">Ap\u00f3s a pris\u00e3o, Carlos Alberto foi levado para a <strong>82\u00aa DP<\/strong>, onde foram realizados os procedimentos legais. Em seguida, ele ser\u00e1 encaminhado ao sistema penitenci\u00e1rio e permanecer\u00e1 \u00e0 disposi\u00e7\u00e3o da Justi\u00e7a.<\/p>\n","protected":false},"excerpt":{"rendered":"<p>Um homem de 61 anos foi preso pela Pol\u00edcia Civil na manh\u00e3 desta quinta-feira (3), em Maric\u00e1, durante uma a\u00e7\u00e3o<\/p>\n","protected":false},"author":1,"featured_media":77527,"comment_status":"open","ping_status":"open","sticky":false,"template":"","format":"standard","meta":{"colormag_page_container_layout":"default_layout","colormag_page_sidebar_layout":"default_layout","footnotes":""},"categories":[1],"tags":[],"class_list":["post-77530","post","type-post","status-publish","format-standard","has-post-thumbnail","hentry","category-noticias"],"amp_enabled":true,"_links":{"self":[{"href":"https:\/\/maricatotal.com.br\/site\/wp-json\/wp\/v2\/posts\/77530","targetHints":{"allow":["GET"]}}],"collection":[{"href":"https:\/\/maricatotal.com.br\/site\/wp-json\/wp\/v2\/posts"}],"about":[{"href":"https:\/\/maricatotal.com.br\/site\/wp-json\/wp\/v2\/types\/post"}],"author":[{"embeddable":true,"href":"https:\/\/maricatotal.com.br\/site\/wp-json\/wp\/v2\/users\/1"}],"replies":[{"embeddable":true,"href":"https:\/\/maricatotal.com.br\/site\/wp-json\/wp\/v2\/comments?post=77530"}],"version-history":[{"count":1,"href":"https:\/\/maricatotal.com.br\/site\/wp-json\/wp\/v2\/posts\/77530\/revisions"}],"predecessor-version":[{"id":77533,"href":"https:\/\/maricatotal.com.br\/site\/wp-json\/wp\/v2\/posts\/77530\/revisions\/77533"}],"wp:featuredmedia":[{"embeddable":true,"href":"https:\/\/maricatotal.com.br\/site\/wp-json\/wp\/v2\/media\/77527"}],"wp:attachment":[{"href":"https:\/\/maricatotal.com.br\/site\/wp-json\/wp\/v2\/media?parent=77530"}],"wp:term":[{"taxonomy":"category","embeddable":true,"href":"https:\/\/maricatotal.com.br\/site\/wp-json\/wp\/v2\/categories?post=77530"},{"taxonomy":"post_tag","embeddable":true,"href":"https:\/\/maricatotal.com.br\/site\/wp-json\/wp\/v2\/tags?post=77530"}],"curies":[{"name":"wp","href":"https:\/\/api.w.org\/{rel}","templated":true}]}}