{"id":77535,"date":"2026-09-04T09:14:50","date_gmt":"2026-09-04T12:14:50","guid":{"rendered":"https:\/\/maricatotal.com.br\/site\/?p=77535"},"modified":"2026-09-04T09:14:51","modified_gmt":"2026-09-04T12:14:51","slug":"caminhada-da-esperanca-convida-marica-para-uma-celebracao-a-vida","status":"publish","type":"post","link":"https:\/\/maricatotal.com.br\/site\/2026\/09\/04\/caminhada-da-esperanca-convida-marica-para-uma-celebracao-a-vida\/","title":{"rendered":"Caminhada da Esperan\u00e7a convida Maric\u00e1 para uma celebra\u00e7\u00e3o \u00e0 vida"},"content":{"rendered":"\n<p class=\"wp-block-paragraph\">No pr\u00f3ximo dia 10 de setembro, a partir das 17h30, Maric\u00e1 recebe a Caminhada da Esperan\u00e7a, primeira grande a\u00e7\u00e3o p\u00fablica do Instituto Hope Legacy \u2013 Casa Pedro Cardoso.<\/p>\n\n\n\n<p class=\"wp-block-paragraph\">A caminhada sair\u00e1 da Igreja Nossa Senhora do Amparo, no Centro de Maric\u00e1, seguindo at\u00e9 a Lagoa de Ara\u00e7atiba. Durante o percurso, os participantes ser\u00e3o convidados a cantar e participar de momentos de reflex\u00e3o e medita\u00e7\u00e3o guiada, em uma mobiliza\u00e7\u00e3o pela sa\u00fade mental, pelo acolhimento, pela esperan\u00e7a e pela valoriza\u00e7\u00e3o da vida.<\/p>\n\n\n\n<p class=\"wp-block-paragraph\">Na chegada a Ara\u00e7atiba, a proposta \u00e9 permanecer \u00e0s margens da lagoa para um momento de conviv\u00eancia e celebra\u00e7\u00e3o. O Instituto convida os participantes a levarem cangas, repelente e um lanchinho, para compartilhar o final de tarde em comunidade.<\/p>\n\n\n\n<p class=\"wp-block-paragraph\">O encerramento ter\u00e1 um momento especial, com o lan\u00e7amento de lanternas, simbolizando luz, esperan\u00e7a e continuidade da vida.<\/p>\n\n\n\n<p class=\"wp-block-paragraph\">Mais do que uma caminhada, o Hope Legacy prop\u00f5e uma grande sauda\u00e7\u00e3o \u00e0 vida, lembrando que o cuidado com a sa\u00fade mental deve acontecer todos os dias e que ningu\u00e9m precisa caminhar sozinho.<\/p>\n\n\n\n<p class=\"wp-block-paragraph\">A participa\u00e7\u00e3o \u00e9 aberta \u00e0 popula\u00e7\u00e3o.<\/p>\n\n\n\n<p class=\"wp-block-paragraph\">O Instituto tamb\u00e9m disponibiliza o Kit da Caminhada da Esperan\u00e7a, composto por uma camisa e uma lanterna, no valor de R$ 35,00. Os kits podem ser adquiridos por meio do Instagram do Instituto: @institutohopelegacy.<\/p>\n\n\n\n<p class=\"wp-block-paragraph\">10 de setembro | 17h30<br>Sa\u00edda: Igreja Nossa Senhora do Amparo \u2013 Centro de Maric\u00e1<br>Encerramento: Lagoa de Ara\u00e7atiba<\/p>\n\n\n\n<p class=\"wp-block-paragraph\">Hope Legacy \u2013 Casa Pedro Cardoso<br>O legado da esperan\u00e7a come\u00e7a com a vida.<\/p>\n\n\n\n<figure class=\"wp-block-image size-large\"><img loading=\"lazy\" decoding=\"async\" width=\"819\" height=\"1024\" src=\"https:\/\/maricatotal.com.br\/site\/wp-content\/uploads\/2026\/09\/image-819x1024.png\" alt=\"\" class=\"wp-image-77536\" srcset=\"https:\/\/maricatotal.com.br\/site\/wp-content\/uploads\/2026\/09\/image-819x1024.png 819w, https:\/\/maricatotal.com.br\/site\/wp-content\/uploads\/2026\/09\/image-240x300.png 240w, https:\/\/maricatotal.com.br\/site\/wp-content\/uploads\/2026\/09\/image-767x959.png 767w, https:\/\/maricatotal.com.br\/site\/wp-content\/uploads\/2026\/09\/image.png 1122w\" sizes=\"auto, (max-width: 819px) 100vw, 819px\" \/><\/figure>\n","protected":false},"excerpt":{"rendered":"<p>No pr\u00f3ximo dia 10 de setembro, a partir das 17h30, Maric\u00e1 recebe a Caminhada da Esperan\u00e7a, primeira grande a\u00e7\u00e3o p\u00fablica<\/p>\n","protected":false},"author":1,"featured_media":77538,"comment_status":"open","ping_status":"open","sticky":false,"template":"","format":"standard","meta":{"colormag_page_container_layout":"default_layout","colormag_page_sidebar_layout":"default_layout","footnotes":""},"categories":[1],"tags":[],"class_list":["post-77535","post","type-post","status-publish","format-standard","has-post-thumbnail","hentry","category-noticias"],"amp_enabled":true,"_links":{"self":[{"href":"https:\/\/maricatotal.com.br\/site\/wp-json\/wp\/v2\/posts\/77535","targetHints":{"allow":["GET"]}}],"collection":[{"href":"https:\/\/maricatotal.com.br\/site\/wp-json\/wp\/v2\/posts"}],"about":[{"href":"https:\/\/maricatotal.com.br\/site\/wp-json\/wp\/v2\/types\/post"}],"author":[{"embeddable":true,"href":"https:\/\/maricatotal.com.br\/site\/wp-json\/wp\/v2\/users\/1"}],"replies":[{"embeddable":true,"href":"https:\/\/maricatotal.com.br\/site\/wp-json\/wp\/v2\/comments?post=77535"}],"version-history":[{"count":1,"href":"https:\/\/maricatotal.com.br\/site\/wp-json\/wp\/v2\/posts\/77535\/revisions"}],"predecessor-version":[{"id":77539,"href":"https:\/\/maricatotal.com.br\/site\/wp-json\/wp\/v2\/posts\/77535\/revisions\/77539"}],"wp:featuredmedia":[{"embeddable":true,"href":"https:\/\/maricatotal.com.br\/site\/wp-json\/wp\/v2\/media\/77538"}],"wp:attachment":[{"href":"https:\/\/maricatotal.com.br\/site\/wp-json\/wp\/v2\/media?parent=77535"}],"wp:term":[{"taxonomy":"category","embeddable":true,"href":"https:\/\/maricatotal.com.br\/site\/wp-json\/wp\/v2\/categories?post=77535"},{"taxonomy":"post_tag","embeddable":true,"href":"https:\/\/maricatotal.com.br\/site\/wp-json\/wp\/v2\/tags?post=77535"}],"curies":[{"name":"wp","href":"https:\/\/api.w.org\/{rel}","templated":true}]}}