{"id":77541,"date":"2026-09-04T14:56:24","date_gmt":"2026-09-04T17:56:24","guid":{"rendered":"https:\/\/maricatotal.com.br\/site\/?p=77541"},"modified":"2026-09-04T14:56:25","modified_gmt":"2026-09-04T17:56:25","slug":"engavetamento-entre-dois-onibus-e-caminhao-deixa-seis-feridos-na-rj-106-no-flamengo","status":"publish","type":"post","link":"https:\/\/maricatotal.com.br\/site\/2026\/09\/04\/engavetamento-entre-dois-onibus-e-caminhao-deixa-seis-feridos-na-rj-106-no-flamengo\/","title":{"rendered":"Engavetamento entre dois \u00f4nibus e caminh\u00e3o deixa seis feridos na RJ-106 no Flamengo"},"content":{"rendered":"\n<p class=\"wp-block-paragraph\">Um grave acidente envolvendo <strong>dois \u00f4nibus da Via\u00e7\u00e3o Nossa Senhora do Amparo e um caminh\u00e3o-pipa<\/strong> deixou seis pessoas feridas na manh\u00e3 desta sexta-feira (4), na <strong>RJ-106 (Rodovia Amaral Peixoto), em Maric\u00e1<\/strong>.<\/p>\n\n\n\n<p class=\"wp-block-paragraph\">A colis\u00e3o aconteceu por volta das <strong>8h30, no km 30 da rodovia<\/strong>, pr\u00f3ximo \u00e0 entrada do condom\u00ednio Beverly Hills, na regi\u00e3o das Colinas de Maric\u00e1. Os ve\u00edculos seguiam no sentido <strong>Niter\u00f3i<\/strong>.<\/p>\n\n\n\n<p class=\"wp-block-paragraph\">De acordo com as informa\u00e7\u00f5es apuradas no local, um dos \u00f4nibus teria reduzido a velocidade e parado para o embarque de passageiros. O coletivo que vinha logo atr\u00e1s n\u00e3o conseguiu frear a tempo e atingiu a traseira do primeiro \u00f4nibus. Na sequ\u00eancia, o caminh\u00e3o-pipa que trafegava atr\u00e1s tamb\u00e9m acabou colidindo com o segundo coletivo, provocando o engavetamento.<\/p>\n\n\n\n<p class=\"wp-block-paragraph\">O motorista do caminh\u00e3o ficou <strong>preso \u00e0s ferragens<\/strong> e precisou ser retirado pelas equipes de resgate. Ele sofreu uma <strong>fratura exposta na perna<\/strong> e foi encaminhado ao Hospital Municipal Dr. Ernesto Che Guevara, em S\u00e3o Jos\u00e9 do Imbassa\u00ed, onde dever\u00e1 passar por cirurgia.<\/p>\n\n\n\n<p class=\"wp-block-paragraph\">Al\u00e9m do caminhoneiro, <strong>cinco passageiros dos \u00f4nibus foram encaminhados para atendimento m\u00e9dico<\/strong>. Uma sexta v\u00edtima relacionada \u00e0 ocorr\u00eancia chegou posteriormente \u00e0 unidade hospitalar, elevando para <strong>seis o n\u00famero total de feridos atendidos<\/strong>.<\/p>\n\n\n\n<p class=\"wp-block-paragraph\">Equipes do <strong>Corpo de Bombeiros do Destacamento de Maric\u00e1<\/strong> atuaram no resgate e nos primeiros socorros. O <strong>SAMU<\/strong> tamb\u00e9m participou da ocorr\u00eancia, realizando o transporte de v\u00edtimas para o hospital.<\/p>\n\n\n\n<h3 class=\"wp-block-heading\">\ud83d\ude97 Tr\u00e2nsito ficou congestionado<\/h3>\n\n\n\n<p class=\"wp-block-paragraph\">O acidente provocou uma <strong>forte reten\u00e7\u00e3o na RJ-106<\/strong>, com o fluxo de ve\u00edculos praticamente parado no sentido Niter\u00f3i durante o atendimento da ocorr\u00eancia.<\/p>\n\n\n\n<p class=\"wp-block-paragraph\">O congestionamento tamb\u00e9m provocou reflexos na <strong>Avenida Roberto Silveira, no Flamengo<\/strong>, aumentando o tempo de deslocamento de motoristas que seguiam em dire\u00e7\u00e3o \u00e0 Regi\u00e3o Oce\u00e2nica e a Niter\u00f3i.<\/p>\n\n\n\n<p class=\"wp-block-paragraph\">Policiais militares do <strong>Comando de Policiamento Rodovi\u00e1rio (CPRv)<\/strong> estiveram no local para atender \u00e0 ocorr\u00eancia, organizar o tr\u00e2nsito e auxiliar na libera\u00e7\u00e3o da via.<\/p>\n\n\n\n<p class=\"wp-block-paragraph\">As circunst\u00e2ncias exatas do acidente dever\u00e3o ser apuradas pelas autoridades respons\u00e1veis.<\/p>\n","protected":false},"excerpt":{"rendered":"<p>Um grave acidente envolvendo dois \u00f4nibus da Via\u00e7\u00e3o Nossa Senhora do Amparo e um caminh\u00e3o-pipa deixou seis pessoas feridas na<\/p>\n","protected":false},"author":1,"featured_media":77543,"comment_status":"open","ping_status":"open","sticky":false,"template":"","format":"standard","meta":{"colormag_page_container_layout":"default_layout","colormag_page_sidebar_layout":"default_layout","footnotes":""},"categories":[1],"tags":[],"class_list":["post-77541","post","type-post","status-publish","format-standard","has-post-thumbnail","hentry","category-noticias"],"amp_enabled":true,"_links":{"self":[{"href":"https:\/\/maricatotal.com.br\/site\/wp-json\/wp\/v2\/posts\/77541","targetHints":{"allow":["GET"]}}],"collection":[{"href":"https:\/\/maricatotal.com.br\/site\/wp-json\/wp\/v2\/posts"}],"about":[{"href":"https:\/\/maricatotal.com.br\/site\/wp-json\/wp\/v2\/types\/post"}],"author":[{"embeddable":true,"href":"https:\/\/maricatotal.com.br\/site\/wp-json\/wp\/v2\/users\/1"}],"replies":[{"embeddable":true,"href":"https:\/\/maricatotal.com.br\/site\/wp-json\/wp\/v2\/comments?post=77541"}],"version-history":[{"count":1,"href":"https:\/\/maricatotal.com.br\/site\/wp-json\/wp\/v2\/posts\/77541\/revisions"}],"predecessor-version":[{"id":77544,"href":"https:\/\/maricatotal.com.br\/site\/wp-json\/wp\/v2\/posts\/77541\/revisions\/77544"}],"wp:featuredmedia":[{"embeddable":true,"href":"https:\/\/maricatotal.com.br\/site\/wp-json\/wp\/v2\/media\/77543"}],"wp:attachment":[{"href":"https:\/\/maricatotal.com.br\/site\/wp-json\/wp\/v2\/media?parent=77541"}],"wp:term":[{"taxonomy":"category","embeddable":true,"href":"https:\/\/maricatotal.com.br\/site\/wp-json\/wp\/v2\/categories?post=77541"},{"taxonomy":"post_tag","embeddable":true,"href":"https:\/\/maricatotal.com.br\/site\/wp-json\/wp\/v2\/tags?post=77541"}],"curies":[{"name":"wp","href":"https:\/\/api.w.org\/{rel}","templated":true}]}}