{"id":77546,"date":"2026-09-04T15:30:53","date_gmt":"2026-09-04T18:30:53","guid":{"rendered":"https:\/\/maricatotal.com.br\/site\/?p=77546"},"modified":"2026-09-04T15:30:54","modified_gmt":"2026-09-04T18:30:54","slug":"operacao-do-mprj-prende-tres-policiais-civis-suspeitos-de-extorsao-contra-empresarios-em-sao-goncalo","status":"publish","type":"post","link":"https:\/\/maricatotal.com.br\/site\/2026\/09\/04\/operacao-do-mprj-prende-tres-policiais-civis-suspeitos-de-extorsao-contra-empresarios-em-sao-goncalo\/","title":{"rendered":"Opera\u00e7\u00e3o do MPRJ prende tr\u00eas policiais civis suspeitos de extors\u00e3o contra empres\u00e1rios em S\u00e3o Gon\u00e7alo"},"content":{"rendered":"\n<p class=\"wp-block-paragraph\">Uma opera\u00e7\u00e3o conjunta do <strong>Minist\u00e9rio P\u00fablico do Estado do Rio de Janeiro (MPRJ)<\/strong> e da <strong>Corregedoria-Geral da Pol\u00edcia Civil<\/strong>, com apoio da Subsecretaria de Intelig\u00eancia da corpora\u00e7\u00e3o, foi deflagrada na manh\u00e3 desta sexta-feira (4) para desarticular um grupo suspeito de usar a estrutura policial para <strong>cobrar dinheiro de empres\u00e1rios em S\u00e3o Gon\u00e7alo<\/strong>, na Regi\u00e3o Metropolitana do Rio.<\/p>\n\n\n\n<p class=\"wp-block-paragraph\">Batizada de <strong>Opera\u00e7\u00e3o Anhang\u00e1<\/strong>, a a\u00e7\u00e3o resultou no cumprimento de <strong>quatro mandados de pris\u00e3o e seis de busca e apreens\u00e3o<\/strong>. Entre os alvos est\u00e3o tr\u00eas policiais civis e um quarto investigado, apontados como integrantes do esquema.<\/p>\n\n\n\n<p class=\"wp-block-paragraph\">Durante as dilig\u00eancias, os agentes encontraram <strong>R$ 34 mil em esp\u00e9cie, uma pistola e muni\u00e7\u00f5es para fuzil<\/strong> na resid\u00eancia de um dos presos. Nos demais endere\u00e7os foram apreendidos celulares e dispositivos eletr\u00f4nicos, incluindo pen drives.<\/p>\n\n\n\n<h3 class=\"wp-block-heading\">\ud83d\udd0e Policiais s\u00e3o suspeitos de usar viaturas e armas para cobrar empres\u00e1rios<\/h3>\n\n\n\n<p class=\"wp-block-paragraph\">Segundo a investiga\u00e7\u00e3o conduzida pelo <strong>Grupo de Atua\u00e7\u00e3o Especializada em Seguran\u00e7a P\u00fablica (GAESP\/MPRJ)<\/strong> e pela SSINTE, os suspeitos teriam se apresentado em estabelecimentos dos setores de <strong>sucata, ferro-velho, reciclagem e armazenamento de res\u00edduos<\/strong>, alegando realizar fiscaliza\u00e7\u00f5es.<\/p>\n\n\n\n<p class=\"wp-block-paragraph\">De acordo com a den\u00fancia recebida pela <strong>3\u00aa Vara Criminal de S\u00e3o Gon\u00e7alo<\/strong>, os policiais, que \u00e0 \u00e9poca estavam lotados na <strong>74\u00aa DP (Alc\u00e2ntara)<\/strong>, teriam utilizado viaturas oficiais, armas e outros recursos da corpora\u00e7\u00e3o para conferir apar\u00eancia de legalidade \u00e0s abordagens.<\/p>\n\n\n\n<p class=\"wp-block-paragraph\">O grupo \u00e9 acusado de apontar supostas irregularidades administrativas e ambientais para pressionar os respons\u00e1veis pelos estabelecimentos a realizar pagamentos.<\/p>\n\n\n\n<p class=\"wp-block-paragraph\">Um dos epis\u00f3dios investigados teria ocorrido em <strong>19 de agosto<\/strong>, em uma empresa de reciclagem. Conforme o MPRJ, os policiais teriam inicialmente exigido <strong>R$ 300 mil<\/strong> para evitar poss\u00edveis preju\u00edzos ao estabelecimento. Posteriormente, a quantia teria sido reduzida para <strong>R$ 100 mil, de forma parcelada<\/strong>, al\u00e9m de pagamentos mensais de R$ 800.<\/p>\n\n\n\n<p class=\"wp-block-paragraph\">Ainda segundo a investiga\u00e7\u00e3o, n\u00e3o foi localizado qualquer documento oficial que justificasse a suposta fiscaliza\u00e7\u00e3o realizada naquele estabelecimento.<\/p>\n\n\n\n<p class=\"wp-block-paragraph\">No mesmo dia, a v\u00edtima teria transferido <strong>R$ 25 mil<\/strong> para uma conta banc\u00e1ria atribu\u00edda a outro investigado, apontado pelo Minist\u00e9rio P\u00fablico como respons\u00e1vel por receber valores provenientes das cobran\u00e7as.<\/p>\n\n\n\n<h3 class=\"wp-block-heading\">\ud83d\udcb0 Outra empresa teria sido alvo de cobran\u00e7a<\/h3>\n\n\n\n<p class=\"wp-block-paragraph\">Outro epis\u00f3dio descrito na investiga\u00e7\u00e3o envolve uma segunda empresa. Segundo o MPRJ, um policial, acompanhado de dois homens ainda n\u00e3o identificados, teria abordado um caminh\u00e3o da companhia e acompanhado o ve\u00edculo at\u00e9 o dep\u00f3sito.<\/p>\n\n\n\n<p class=\"wp-block-paragraph\">No local, os envolvidos teriam se identificado como policiais da <strong>Delegacia de Prote\u00e7\u00e3o ao Meio Ambiente (DPMA)<\/strong> e exigido <strong>R$ 20 mil<\/strong> dos respons\u00e1veis. Ap\u00f3s informarem que n\u00e3o tinham o valor, os empres\u00e1rios teriam recebido uma nova cobran\u00e7a, desta vez de R$ 15 mil. Nenhum pagamento foi efetuado.<\/p>\n\n\n\n<p class=\"wp-block-paragraph\">Para os investigadores, os epis\u00f3dios apresentam caracter\u00edsticas semelhantes e indicam uma poss\u00edvel atua\u00e7\u00e3o coordenada para <strong>intimidar empres\u00e1rios utilizando o poder e a autoridade associados \u00e0 fun\u00e7\u00e3o policial<\/strong>.<\/p>\n\n\n\n<p class=\"wp-block-paragraph\">A apura\u00e7\u00e3o contou ainda com depoimentos de v\u00edtimas e testemunhas, reconhecimentos fotogr\u00e1ficos, imagens de c\u00e2meras de seguran\u00e7a e an\u00e1lise de comprovantes banc\u00e1rios.<\/p>\n\n\n\n<p class=\"wp-block-paragraph\">O nome <strong>Anhang\u00e1<\/strong> faz refer\u00eancia a uma figura do folclore ind\u00edgena brasileiro tradicionalmente associada \u00e0 prote\u00e7\u00e3o dos animais e das florestas.<\/p>\n\n\n\n<p class=\"wp-block-paragraph\">A <strong>Corregedoria-Geral da Pol\u00edcia Civil<\/strong> afirmou que mant\u00e9m atua\u00e7\u00e3o rigorosa no combate a desvios de conduta dentro da institui\u00e7\u00e3o. A Pol\u00edcia Civil tamb\u00e9m declarou que n\u00e3o compactua com pr\u00e1ticas il\u00edcitas cometidas por seus agentes e que os respons\u00e1veis dever\u00e3o ser responsabilizados caso as acusa\u00e7\u00f5es sejam confirmadas.<\/p>\n\n\n\n<p class=\"wp-block-paragraph\">As investiga\u00e7\u00f5es continuam para <strong>identificar poss\u00edveis outros envolvidos e determinar a extens\u00e3o do esquema<\/strong>.<\/p>\n","protected":false},"excerpt":{"rendered":"<p>Uma opera\u00e7\u00e3o conjunta do Minist\u00e9rio P\u00fablico do Estado do Rio de Janeiro (MPRJ) e da Corregedoria-Geral da Pol\u00edcia Civil, com<\/p>\n","protected":false},"author":1,"featured_media":77548,"comment_status":"open","ping_status":"open","sticky":false,"template":"","format":"standard","meta":{"colormag_page_container_layout":"default_layout","colormag_page_sidebar_layout":"default_layout","footnotes":""},"categories":[1],"tags":[],"class_list":["post-77546","post","type-post","status-publish","format-standard","has-post-thumbnail","hentry","category-noticias"],"amp_enabled":true,"_links":{"self":[{"href":"https:\/\/maricatotal.com.br\/site\/wp-json\/wp\/v2\/posts\/77546","targetHints":{"allow":["GET"]}}],"collection":[{"href":"https:\/\/maricatotal.com.br\/site\/wp-json\/wp\/v2\/posts"}],"about":[{"href":"https:\/\/maricatotal.com.br\/site\/wp-json\/wp\/v2\/types\/post"}],"author":[{"embeddable":true,"href":"https:\/\/maricatotal.com.br\/site\/wp-json\/wp\/v2\/users\/1"}],"replies":[{"embeddable":true,"href":"https:\/\/maricatotal.com.br\/site\/wp-json\/wp\/v2\/comments?post=77546"}],"version-history":[{"count":1,"href":"https:\/\/maricatotal.com.br\/site\/wp-json\/wp\/v2\/posts\/77546\/revisions"}],"predecessor-version":[{"id":77549,"href":"https:\/\/maricatotal.com.br\/site\/wp-json\/wp\/v2\/posts\/77546\/revisions\/77549"}],"wp:featuredmedia":[{"embeddable":true,"href":"https:\/\/maricatotal.com.br\/site\/wp-json\/wp\/v2\/media\/77548"}],"wp:attachment":[{"href":"https:\/\/maricatotal.com.br\/site\/wp-json\/wp\/v2\/media?parent=77546"}],"wp:term":[{"taxonomy":"category","embeddable":true,"href":"https:\/\/maricatotal.com.br\/site\/wp-json\/wp\/v2\/categories?post=77546"},{"taxonomy":"post_tag","embeddable":true,"href":"https:\/\/maricatotal.com.br\/site\/wp-json\/wp\/v2\/tags?post=77546"}],"curies":[{"name":"wp","href":"https:\/\/api.w.org\/{rel}","templated":true}]}}