{"id":77551,"date":"2026-09-04T16:14:14","date_gmt":"2026-09-04T19:14:14","guid":{"rendered":"https:\/\/maricatotal.com.br\/site\/?p=77551"},"modified":"2026-09-04T16:14:14","modified_gmt":"2026-09-04T19:14:14","slug":"guarda-municipal-de-marica-reforca-atuacao-nas-ruas-e-em-acoes-educativas","status":"publish","type":"post","link":"https:\/\/maricatotal.com.br\/site\/2026\/09\/04\/guarda-municipal-de-marica-reforca-atuacao-nas-ruas-e-em-acoes-educativas\/","title":{"rendered":"Guarda Municipal de Maric\u00e1 refor\u00e7a atua\u00e7\u00e3o nas ruas e em a\u00e7\u00f5es educativas"},"content":{"rendered":"\n<p class=\"wp-block-paragraph\">A Guarda Municipal de Maric\u00e1, que re\u00fane cerca de 420 agentes, teve sua atua\u00e7\u00e3o destacada nesta quinta-feira (03\/09), data em que \u00e9 celebrado o Dia do Guarda Civil. Com presen\u00e7a nas ruas, a corpora\u00e7\u00e3o trabalha no patrulhamento e no ordenamento urbano, contando tamb\u00e9m com grupamentos especializados e recursos tecnol\u00f3gicos.<\/p>\n\n\n\n<p class=\"wp-block-paragraph\">Entre as estruturas que apoiam esse trabalho est\u00e1 o Centro Integrado de Opera\u00e7\u00f5es de Seguran\u00e7a P\u00fablica (Ciosp), respons\u00e1vel pelo monitoramento em tempo real de mais de 3 mil c\u00e2meras. A Guarda tamb\u00e9m atua de forma integrada ao Programa Estadual de Integra\u00e7\u00e3o na Seguran\u00e7a (Proeis).<\/p>\n\n\n\n<p class=\"wp-block-paragraph\">Outro projeto previsto para o munic\u00edpio \u00e9 a cria\u00e7\u00e3o da Cidade da Seguran\u00e7a, complexo que dever\u00e1 concentrar a Guarda Municipal e o Centro Integrado de Comando e Controle. Paralelamente, o processo de armamento dos agentes segue em andamento.<\/p>\n\n\n\n<p class=\"wp-block-paragraph\">A atua\u00e7\u00e3o da corpora\u00e7\u00e3o tamb\u00e9m ultrapassa o patrulhamento. Na \u00e1rea educacional, o projeto Guarda Mirim j\u00e1 alcan\u00e7ou mais de 800 alunos da rede municipal em 2026, promovendo atividades voltadas \u00e0 \u00e9tica e \u00e0 cidadania. J\u00e1 a Ronda Escolar realiza a\u00e7\u00f5es no entorno das escolas e contribui com as equipes pedag\u00f3gicas na media\u00e7\u00e3o de conflitos.<\/p>\n\n\n\n<p class=\"wp-block-paragraph\"><\/p>\n","protected":false},"excerpt":{"rendered":"<p>A Guarda Municipal de Maric\u00e1, que re\u00fane cerca de 420 agentes, teve sua atua\u00e7\u00e3o destacada nesta quinta-feira (03\/09), data em<\/p>\n","protected":false},"author":1,"featured_media":74179,"comment_status":"open","ping_status":"open","sticky":false,"template":"","format":"standard","meta":{"colormag_page_container_layout":"default_layout","colormag_page_sidebar_layout":"default_layout","footnotes":""},"categories":[1],"tags":[],"class_list":["post-77551","post","type-post","status-publish","format-standard","has-post-thumbnail","hentry","category-noticias"],"amp_enabled":true,"_links":{"self":[{"href":"https:\/\/maricatotal.com.br\/site\/wp-json\/wp\/v2\/posts\/77551","targetHints":{"allow":["GET"]}}],"collection":[{"href":"https:\/\/maricatotal.com.br\/site\/wp-json\/wp\/v2\/posts"}],"about":[{"href":"https:\/\/maricatotal.com.br\/site\/wp-json\/wp\/v2\/types\/post"}],"author":[{"embeddable":true,"href":"https:\/\/maricatotal.com.br\/site\/wp-json\/wp\/v2\/users\/1"}],"replies":[{"embeddable":true,"href":"https:\/\/maricatotal.com.br\/site\/wp-json\/wp\/v2\/comments?post=77551"}],"version-history":[{"count":1,"href":"https:\/\/maricatotal.com.br\/site\/wp-json\/wp\/v2\/posts\/77551\/revisions"}],"predecessor-version":[{"id":77553,"href":"https:\/\/maricatotal.com.br\/site\/wp-json\/wp\/v2\/posts\/77551\/revisions\/77553"}],"wp:featuredmedia":[{"embeddable":true,"href":"https:\/\/maricatotal.com.br\/site\/wp-json\/wp\/v2\/media\/74179"}],"wp:attachment":[{"href":"https:\/\/maricatotal.com.br\/site\/wp-json\/wp\/v2\/media?parent=77551"}],"wp:term":[{"taxonomy":"category","embeddable":true,"href":"https:\/\/maricatotal.com.br\/site\/wp-json\/wp\/v2\/categories?post=77551"},{"taxonomy":"post_tag","embeddable":true,"href":"https:\/\/maricatotal.com.br\/site\/wp-json\/wp\/v2\/tags?post=77551"}],"curies":[{"name":"wp","href":"https:\/\/api.w.org\/{rel}","templated":true}]}}