{"id":77569,"date":"2026-09-06T15:03:58","date_gmt":"2026-09-06T18:03:58","guid":{"rendered":"https:\/\/maricatotal.com.br\/site\/?p=77569"},"modified":"2026-09-06T15:03:59","modified_gmt":"2026-09-06T18:03:59","slug":"adolescente-e-vitima-de-violencia-sexual-e-homem-e-preso-pela-guarda-municipal","status":"publish","type":"post","link":"https:\/\/maricatotal.com.br\/site\/2026\/09\/06\/adolescente-e-vitima-de-violencia-sexual-e-homem-e-preso-pela-guarda-municipal\/","title":{"rendered":"Adolescente \u00e9 v\u00edtima de viol\u00eancia sexual e homem \u00e9 preso pela Guarda Municipal"},"content":{"rendered":"\n<p class=\"wp-block-paragraph\">Um homem foi preso na madrugada deste domingo (6), em <strong>Flamengo, Maric\u00e1<\/strong>, ap\u00f3s uma ocorr\u00eancia envolvendo uma <strong>adolescente, v\u00edtima de viol\u00eancia sexual<\/strong>, dentro de uma resid\u00eancia na Rua das Andorinhas.<\/p>\n\n\n\n<p class=\"wp-block-paragraph\">Segundo informa\u00e7\u00f5es da <strong>Guarda Municipal de Maric\u00e1<\/strong>, agentes da equipe Alpha GODAT estavam na <strong>82\u00aa DP<\/strong> quando foram procurados por familiares da adolescente, que relataram o ocorrido e apontaram o companheiro da av\u00f3 da v\u00edtima como suspeito.<\/p>\n\n\n\n<p class=\"wp-block-paragraph\">Os agentes seguiram at\u00e9 o endere\u00e7o indicado, onde localizaram o homem dentro da resid\u00eancia. Ele foi conduzido \u00e0 <strong>82\u00aa DP (Maric\u00e1)<\/strong> para prestar esclarecimentos.<\/p>\n\n\n\n<p class=\"wp-block-paragraph\">De acordo com o relato apresentado na delegacia, a av\u00f3 da adolescente teria acordado durante a madrugada e percebido um comportamento considerado suspeito por parte do companheiro. Ao observar a situa\u00e7\u00e3o, teria percebido o homem com a genit\u00e1lia exposta pr\u00f3ximo \u00e0 adolescente, que estava acordada.<\/p>\n\n\n\n<p class=\"wp-block-paragraph\">Diante da situa\u00e7\u00e3o, a familiar acolheu a adolescente e acionou outros parentes, que posteriormente procuraram a delegacia. A v\u00edtima e os demais envolvidos foram encaminhados inicialmente ao <strong>Hospital Municipal Conde Modesto Leal<\/strong> para atendimento.<\/p>\n\n\n\n<p class=\"wp-block-paragraph\">Ap\u00f3s ouvir as partes e analisar as circunst\u00e2ncias apresentadas, a autoridade policial <strong>determinou a pris\u00e3o do suspeito<\/strong>, que permaneceu \u00e0 disposi\u00e7\u00e3o da Justi\u00e7a.<\/p>\n","protected":false},"excerpt":{"rendered":"<p>Um homem foi preso na madrugada deste domingo (6), em Flamengo, Maric\u00e1, ap\u00f3s uma ocorr\u00eancia envolvendo uma adolescente, v\u00edtima de<\/p>\n","protected":false},"author":1,"featured_media":77571,"comment_status":"open","ping_status":"open","sticky":false,"template":"","format":"standard","meta":{"colormag_page_container_layout":"default_layout","colormag_page_sidebar_layout":"default_layout","footnotes":""},"categories":[1],"tags":[],"class_list":["post-77569","post","type-post","status-publish","format-standard","has-post-thumbnail","hentry","category-noticias"],"amp_enabled":true,"_links":{"self":[{"href":"https:\/\/maricatotal.com.br\/site\/wp-json\/wp\/v2\/posts\/77569","targetHints":{"allow":["GET"]}}],"collection":[{"href":"https:\/\/maricatotal.com.br\/site\/wp-json\/wp\/v2\/posts"}],"about":[{"href":"https:\/\/maricatotal.com.br\/site\/wp-json\/wp\/v2\/types\/post"}],"author":[{"embeddable":true,"href":"https:\/\/maricatotal.com.br\/site\/wp-json\/wp\/v2\/users\/1"}],"replies":[{"embeddable":true,"href":"https:\/\/maricatotal.com.br\/site\/wp-json\/wp\/v2\/comments?post=77569"}],"version-history":[{"count":1,"href":"https:\/\/maricatotal.com.br\/site\/wp-json\/wp\/v2\/posts\/77569\/revisions"}],"predecessor-version":[{"id":77572,"href":"https:\/\/maricatotal.com.br\/site\/wp-json\/wp\/v2\/posts\/77569\/revisions\/77572"}],"wp:featuredmedia":[{"embeddable":true,"href":"https:\/\/maricatotal.com.br\/site\/wp-json\/wp\/v2\/media\/77571"}],"wp:attachment":[{"href":"https:\/\/maricatotal.com.br\/site\/wp-json\/wp\/v2\/media?parent=77569"}],"wp:term":[{"taxonomy":"category","embeddable":true,"href":"https:\/\/maricatotal.com.br\/site\/wp-json\/wp\/v2\/categories?post=77569"},{"taxonomy":"post_tag","embeddable":true,"href":"https:\/\/maricatotal.com.br\/site\/wp-json\/wp\/v2\/tags?post=77569"}],"curies":[{"name":"wp","href":"https:\/\/api.w.org\/{rel}","templated":true}]}}