{"id":8109,"date":"2020-03-24T12:47:47","date_gmt":"2020-03-24T15:47:47","guid":{"rendered":"http:\/\/maricatotal.com.br\/site\/?p=8109"},"modified":"2020-03-30T19:03:29","modified_gmt":"2020-03-30T22:03:29","slug":"retorno-de-aulas-em-colegios-publicos-e-particulares-no-rio-sera-adiado-paralisacao-pode-chegar-a-3-meses","status":"publish","type":"post","link":"https:\/\/maricatotal.com.br\/site\/2020\/03\/24\/retorno-de-aulas-em-colegios-publicos-e-particulares-no-rio-sera-adiado-paralisacao-pode-chegar-a-3-meses\/","title":{"rendered":"RETORNO DE AULAS EM COL\u00c9GIOS P\u00daBLICOS E PARTICULARES NO RIO SER\u00c1 ADIADO; PARALISA\u00c7\u00c3O PODE CHEGAR A 3 MESES"},"content":{"rendered":"\n<figure class=\"wp-block-image size-large\"><img loading=\"lazy\" decoding=\"async\" width=\"739\" height=\"415\" src=\"http:\/\/maricatotal.com.br\/site\/wp-content\/uploads\/2020\/03\/8DB060FA-5C85-4C3F-823E-25FB67181FC3.jpeg\" alt=\"\" class=\"wp-image-8110\" srcset=\"https:\/\/maricatotal.com.br\/site\/wp-content\/uploads\/2020\/03\/8DB060FA-5C85-4C3F-823E-25FB67181FC3.jpeg 739w, https:\/\/maricatotal.com.br\/site\/wp-content\/uploads\/2020\/03\/8DB060FA-5C85-4C3F-823E-25FB67181FC3-300x168.jpeg 300w\" sizes=\"auto, (max-width: 739px) 100vw, 739px\" \/><\/figure>\n\n\n\n<p>Rio &#8211;&nbsp;A volta \u00e0s aulas na rede p\u00fablica estadual, prevista para retornar no dia 30 de mar\u00e7o, ser\u00e1 adiada. A paralisa\u00e7\u00e3o das aulas nos col\u00e9gios p\u00fablicos e privados pode chegar a tr\u00eas meses. A medida atende ao protocolo estabelecido pelo Gabinete de Crise de preven\u00e7\u00e3o ao coronav\u00edrus e pela Secretaria de Estado de Sa\u00fade. Durante este per\u00edodo sem atividades presenciais nas escolas, a Secretaria de Estado de Educa\u00e7\u00e3o (Seeduc) disponibilizar\u00e1, a partir da pr\u00f3xima segunda-feira, dia 30, aulas no formato online, por meio de um conv\u00eanio firmado com o Google, na plataforma Google Classrom.&nbsp;<\/p>\n\n\n\n<p>Os professores da rede p\u00fablica estadual, nos seus hor\u00e1rios de trabalho, ministrar\u00e3o as atividades na plataforma online respeitando o quadro de hor\u00e1rios das suas aulas presenciais. As Gratifica\u00e7\u00f5es por Lota\u00e7\u00e3o Tempor\u00e1ria (GLPs) dos docentes ser\u00e3o mantidas.<\/p>\n\n\n\n<p>Os alunos que n\u00e3o tiverem acesso \u00e0 internet receber\u00e3o o material impresso em suas casas e, ap\u00f3s o retorno das atividades presenciais, caso tenham necessidade, ter\u00e3o aulas de refor\u00e7o. O m\u00e9todo de avalia\u00e7\u00e3o e provas bimestrais depender\u00e1 do per\u00edodo de interrup\u00e7\u00e3o das atividades presenciais.<\/p>\n\n\n\n<p>&#8220;Ideia \u00e9 manter os 200 dias letivos, mesmo que a Lei de Diretrizes e Base da Educa\u00e7\u00e3o (LBD) permita que, diante da pandemia do coronav\u00edrus, os estados terminem o ano letivo de 2020 com menos dias. O objetivo da Seeduc \u00e9 n\u00e3o prejudicar nem desestimular os alunos durante o per\u00edodo de quarentena. As horas de aulas \u00e0 dist\u00e2ncia ser\u00e3o contadas como horas-aula normais&#8221;, disse o secret\u00e1rio de Estado de Educa\u00e7\u00e3o, Pedro Fernandes.<\/p>\n\n\n\n<p>Para as escolas particulares que n\u00e3o tiverem a pr\u00f3pria plataforma, a Secretaria de Educa\u00e7\u00e3o buscar\u00e1 a viabiliza\u00e7\u00e3o deste servi\u00e7o junto ao Google. A Seeduc tamb\u00e9m fornecer\u00e1 o conte\u00fado did\u00e1tico para os col\u00e9gios privados, caso necess\u00e1rio.<\/p>\n\n\n\n<p>As escolas da rede p\u00fablica estadual com cursos t\u00e9cnicos articulados ao Ensino M\u00e9dio; no modelo de educa\u00e7\u00e3o integral; que ofertam Curso Normal (Forma\u00e7\u00e3o de Professores) e vocacionadas ao Ensino C\u00edvico-Militar ter\u00e3o inicialmente as disciplinas b\u00e1sicas da Base Nacional Comum Curricular (BNCC) no formato online e, posteriormente, a parte te\u00f3rica das mat\u00e9rias espec\u00edficas ser\u00e1 disponibilizada na plataforma. Ap\u00f3s o retorno das aulas presenciais, ser\u00e3o aplicadas as disciplinas pr\u00e1ticas. O est\u00e1gio dos alunos do Curso Normal retornar\u00e1 ap\u00f3s a normaliza\u00e7\u00e3o das aulas presenciais.<\/p>\n\n\n\n<p>Em rela\u00e7\u00e3o \u00e0 merenda, o secret\u00e1rio de Estado de Educa\u00e7\u00e3o tamb\u00e9m ressalta que os estudantes cujas fam\u00edlias s\u00e3o benefici\u00e1rias do Bolsa Fam\u00edlia receber\u00e3o uma assist\u00eancia quanto \u00e0 alimenta\u00e7\u00e3o.<\/p>\n\n\n\n<p>&#8220;As dire\u00e7\u00f5es dos col\u00e9gios relacionar\u00e3o esses estudantes para que a Seeduc viabilize recurso junto ao Governo do Estado para a alimenta\u00e7\u00e3o dos jovens, uma vez que muitos t\u00eam como refei\u00e7\u00e3o principal a merenda servida nos col\u00e9gios&#8221;, declarou Pedro Fernandes.<\/p>\n","protected":false},"excerpt":{"rendered":"<p>Rio &#8211;&nbsp;A volta \u00e0s aulas na rede p\u00fablica estadual, prevista para retornar no dia 30 de mar\u00e7o, ser\u00e1 adiada. A<\/p>\n","protected":false},"author":1,"featured_media":0,"comment_status":"open","ping_status":"open","sticky":false,"template":"","format":"standard","meta":{"colormag_page_container_layout":"default_layout","colormag_page_sidebar_layout":"default_layout","footnotes":""},"categories":[18],"tags":[],"class_list":["post-8109","post","type-post","status-publish","format-standard","hentry","category-entretenimento"],"amp_enabled":true,"_links":{"self":[{"href":"https:\/\/maricatotal.com.br\/site\/wp-json\/wp\/v2\/posts\/8109","targetHints":{"allow":["GET"]}}],"collection":[{"href":"https:\/\/maricatotal.com.br\/site\/wp-json\/wp\/v2\/posts"}],"about":[{"href":"https:\/\/maricatotal.com.br\/site\/wp-json\/wp\/v2\/types\/post"}],"author":[{"embeddable":true,"href":"https:\/\/maricatotal.com.br\/site\/wp-json\/wp\/v2\/users\/1"}],"replies":[{"embeddable":true,"href":"https:\/\/maricatotal.com.br\/site\/wp-json\/wp\/v2\/comments?post=8109"}],"version-history":[{"count":0,"href":"https:\/\/maricatotal.com.br\/site\/wp-json\/wp\/v2\/posts\/8109\/revisions"}],"wp:attachment":[{"href":"https:\/\/maricatotal.com.br\/site\/wp-json\/wp\/v2\/media?parent=8109"}],"wp:term":[{"taxonomy":"category","embeddable":true,"href":"https:\/\/maricatotal.com.br\/site\/wp-json\/wp\/v2\/categories?post=8109"},{"taxonomy":"post_tag","embeddable":true,"href":"https:\/\/maricatotal.com.br\/site\/wp-json\/wp\/v2\/tags?post=8109"}],"curies":[{"name":"wp","href":"https:\/\/api.w.org\/{rel}","templated":true}]}}