{"id":8205,"date":"2020-03-26T14:16:36","date_gmt":"2020-03-26T17:16:36","guid":{"rendered":"http:\/\/maricatotal.com.br\/site\/?p=8205"},"modified":"2020-03-30T19:03:27","modified_gmt":"2020-03-30T22:03:27","slug":"medico-morre-com-suspeita-de-coronavirus-em-itaipuacu","status":"publish","type":"post","link":"https:\/\/maricatotal.com.br\/site\/2020\/03\/26\/medico-morre-com-suspeita-de-coronavirus-em-itaipuacu\/","title":{"rendered":"M\u00c9DICO MORRE COM SUSPEITA DE CORONAV\u00cdRUS EM ITAIPUA\u00c7U"},"content":{"rendered":"\n<figure class=\"wp-block-image size-large\"><img loading=\"lazy\" decoding=\"async\" width=\"727\" height=\"422\" src=\"http:\/\/maricatotal.com.br\/site\/wp-content\/uploads\/2020\/03\/E45C1DD2-C245-4871-84DF-2B1FD0A89072.jpeg\" alt=\"\" class=\"wp-image-8206\" srcset=\"https:\/\/maricatotal.com.br\/site\/wp-content\/uploads\/2020\/03\/E45C1DD2-C245-4871-84DF-2B1FD0A89072.jpeg 727w, https:\/\/maricatotal.com.br\/site\/wp-content\/uploads\/2020\/03\/E45C1DD2-C245-4871-84DF-2B1FD0A89072-300x174.jpeg 300w\" sizes=\"auto, (max-width: 727px) 100vw, 727px\" \/><\/figure>\n\n\n\n<p>Um m\u00e9dico, de 62 anos, morreu com suspeita de Coronav\u00edrus na madrugada desta quinta-feira (26). A fam\u00edlia ainda tentou socorrer o homem para o Posto de Sa\u00fade Santa Rita, em Itaipua\u00e7u, mas a v\u00edtima na resistiu.<\/p>\n\n\n\n<p>Segundo informa\u00e7\u00f5es levantadas pelo Site Maric\u00e1 Total, o homem passou mal em casa e foi socorrido pela fam\u00edlia para a unidade de sa\u00fade Santa Rita, pr\u00f3ximo \u00e0 sua casa. Mas chegou sem vida.<\/p>\n\n\n\n<p>No \u00faltimo dia 17 de mar\u00e7o, o m\u00e9dico deu entrada no Hospital Municipal Conde Modesto Leal, e fez um exame e foi constada a suspeita do Covid-19.<\/p>\n\n\n\n<p>Os exames ser\u00e3o feitos nas amostras colidas pelos agentes de sa\u00fade, e caso se confirme, ser\u00e1 a primeira morte do v\u00edrus em Maric\u00e1.<\/p>\n\n\n\n<p>O homem atendida no Hospital das Freiras em S\u00e3o Gon\u00e7alo, e na Cl\u00ednica da Fam\u00edlia Dr. Zerbini, no Arsenal.<\/p>\n","protected":false},"excerpt":{"rendered":"<p>Um m\u00e9dico, de 62 anos, morreu com suspeita de Coronav\u00edrus na madrugada desta quinta-feira (26). A fam\u00edlia ainda tentou socorrer<\/p>\n","protected":false},"author":1,"featured_media":8206,"comment_status":"open","ping_status":"open","sticky":false,"template":"","format":"standard","meta":{"colormag_page_container_layout":"default_layout","colormag_page_sidebar_layout":"default_layout","footnotes":""},"categories":[14],"tags":[],"class_list":["post-8205","post","type-post","status-publish","format-standard","has-post-thumbnail","hentry","category-bairros"],"amp_enabled":true,"_links":{"self":[{"href":"https:\/\/maricatotal.com.br\/site\/wp-json\/wp\/v2\/posts\/8205","targetHints":{"allow":["GET"]}}],"collection":[{"href":"https:\/\/maricatotal.com.br\/site\/wp-json\/wp\/v2\/posts"}],"about":[{"href":"https:\/\/maricatotal.com.br\/site\/wp-json\/wp\/v2\/types\/post"}],"author":[{"embeddable":true,"href":"https:\/\/maricatotal.com.br\/site\/wp-json\/wp\/v2\/users\/1"}],"replies":[{"embeddable":true,"href":"https:\/\/maricatotal.com.br\/site\/wp-json\/wp\/v2\/comments?post=8205"}],"version-history":[{"count":0,"href":"https:\/\/maricatotal.com.br\/site\/wp-json\/wp\/v2\/posts\/8205\/revisions"}],"wp:featuredmedia":[{"embeddable":true,"href":"https:\/\/maricatotal.com.br\/site\/wp-json\/wp\/v2\/media\/8206"}],"wp:attachment":[{"href":"https:\/\/maricatotal.com.br\/site\/wp-json\/wp\/v2\/media?parent=8205"}],"wp:term":[{"taxonomy":"category","embeddable":true,"href":"https:\/\/maricatotal.com.br\/site\/wp-json\/wp\/v2\/categories?post=8205"},{"taxonomy":"post_tag","embeddable":true,"href":"https:\/\/maricatotal.com.br\/site\/wp-json\/wp\/v2\/tags?post=8205"}],"curies":[{"name":"wp","href":"https:\/\/api.w.org\/{rel}","templated":true}]}}