{"id":8222,"date":"2020-03-26T18:54:53","date_gmt":"2020-03-26T21:54:53","guid":{"rendered":"http:\/\/maricatotal.com.br\/site\/?p=8222"},"modified":"2020-03-30T19:03:17","modified_gmt":"2020-03-30T22:03:17","slug":"marica-oferece-aulas-online-do-pre-encceja-e-pre-enem","status":"publish","type":"post","link":"https:\/\/maricatotal.com.br\/site\/2020\/03\/26\/marica-oferece-aulas-online-do-pre-encceja-e-pre-enem\/","title":{"rendered":"MARIC\u00c1 OFERECE AULAS ONLINE DO PR\u00c9- ENCCEJA E PR\u00c9-ENEM"},"content":{"rendered":"\n<p>Para quem est\u00e1 em casa e se preocupa com a falta de aulas presenciais, aulas especiais online est\u00e3o sendo ministradas nas p\u00e1ginas do facebook do Pr\u00e9-Enem Popular Iara Iavelberg e do curso preparat\u00f3rio para o Exame de Certifica\u00e7\u00e3o de Compet\u00eancias de Jovens e Adultos (Pr\u00e9-Encceja Paulo Freire) para todos que querem aprender um pouco mais e manter o ritmo de prepara\u00e7\u00e3o.<\/p>\n\n\n\n<p>Os interessados devem buscar as p\u00e1ginas \u00e0s 18h das pr\u00f3ximas segundas, quartas e sextas-feiras para acompanhar os ensinamentos de f\u00edsica, geografia, hist\u00f3ria e matem\u00e1tica, respectivamente.<\/p>\n\n\n\n<p>Na pr\u00f3xima sexta-feira, dia 27\/03, o professor Marco Ant\u00f4nio Chileno estar\u00e1 no comando da quarta aula online, com o tema \u201cFreio Hidr\u00e1ulico \u2013 princ\u00edpio de Pascal\u201d. Na segunda-feira, dia 30\/03, o professor Higor Conde vai ministrar sobre o \u201cCrescimento populacional: suas consequ\u00eancias na pandemia\u201d. J\u00e1 na quarta-feira, dia 01\/04, o professor William Campos falar\u00e1 sobre \u201cOs governos militares no Brasil durante a Guerra Fria\u201d.<\/p>\n\n\n\n<p>Idealizador do projeto, Willian Campos garante que as caracter\u00edsticas do projeto com aulas presenciais ser\u00e3o mantidas, tendo in\u00edcio nos dias 13\/04 (Pr\u00e9-Encceja) e 05\/05 (Pr\u00e9-Enem Popular). \u201cJ\u00e1 que estamos nessa pandemia, a alternativa que encontramos para manter os alunos e a popula\u00e7\u00e3o como um todo em casa de forma \u00fatil, foi essa, realizando um esquenta para toda a fam\u00edlia. Na verdade, antes da abertura oficial do projeto, pretendemos ter 10 aulas online para que as pessoas possam estar se adaptando. \u00c9 importante deixarmos claro que nada vai impedir que as aulas sejam dadas\u201d, frisou.<\/p>\n\n\n\n<p>As inscri\u00e7\u00f5es para o Pr\u00e9-Encceja j\u00e1 est\u00e3o sendo realizadas e seguem at\u00e9 o dia 12\/04 (domingo). Atualmente, j\u00e1 s\u00e3o 1352 interessados. J\u00e1 as inscri\u00e7\u00f5es para o Pr\u00e9-Enem Popular ter\u00e3o in\u00edcio no dia 01\/04, no site da Prefeitura (<a href=\"http:\/\/www.marica.rj.gov.br\/\">www.marica.rj.gov.br\/<\/a>).VIA<a href=\"https:\/\/www.marica.rj.gov.br\/2020\/03\/26\/marica-oferece-aulas-online-do-pre-encceja-e-pre-enem\/#\">Elaine Nunes<\/a><\/p>\n","protected":false},"excerpt":{"rendered":"<p>Para quem est\u00e1 em casa e se preocupa com a falta de aulas presenciais, aulas especiais online est\u00e3o sendo ministradas<\/p>\n","protected":false},"author":1,"featured_media":8223,"comment_status":"open","ping_status":"open","sticky":false,"template":"","format":"standard","meta":{"colormag_page_container_layout":"default_layout","colormag_page_sidebar_layout":"default_layout","footnotes":""},"categories":[18],"tags":[],"class_list":["post-8222","post","type-post","status-publish","format-standard","has-post-thumbnail","hentry","category-entretenimento"],"amp_enabled":true,"_links":{"self":[{"href":"https:\/\/maricatotal.com.br\/site\/wp-json\/wp\/v2\/posts\/8222","targetHints":{"allow":["GET"]}}],"collection":[{"href":"https:\/\/maricatotal.com.br\/site\/wp-json\/wp\/v2\/posts"}],"about":[{"href":"https:\/\/maricatotal.com.br\/site\/wp-json\/wp\/v2\/types\/post"}],"author":[{"embeddable":true,"href":"https:\/\/maricatotal.com.br\/site\/wp-json\/wp\/v2\/users\/1"}],"replies":[{"embeddable":true,"href":"https:\/\/maricatotal.com.br\/site\/wp-json\/wp\/v2\/comments?post=8222"}],"version-history":[{"count":0,"href":"https:\/\/maricatotal.com.br\/site\/wp-json\/wp\/v2\/posts\/8222\/revisions"}],"wp:featuredmedia":[{"embeddable":true,"href":"https:\/\/maricatotal.com.br\/site\/wp-json\/wp\/v2\/media\/8223"}],"wp:attachment":[{"href":"https:\/\/maricatotal.com.br\/site\/wp-json\/wp\/v2\/media?parent=8222"}],"wp:term":[{"taxonomy":"category","embeddable":true,"href":"https:\/\/maricatotal.com.br\/site\/wp-json\/wp\/v2\/categories?post=8222"},{"taxonomy":"post_tag","embeddable":true,"href":"https:\/\/maricatotal.com.br\/site\/wp-json\/wp\/v2\/tags?post=8222"}],"curies":[{"name":"wp","href":"https:\/\/api.w.org\/{rel}","templated":true}]}}