{"id":8260,"date":"2020-03-27T21:01:27","date_gmt":"2020-03-28T00:01:27","guid":{"rendered":"http:\/\/maricatotal.com.br\/site\/?p=8260"},"modified":"2020-03-30T19:03:15","modified_gmt":"2020-03-30T22:03:15","slug":"witzel-diz-que-vai-decretar-mais-15-dias-de-distanciamento-social-a-partir-de-segunda-feira","status":"publish","type":"post","link":"https:\/\/maricatotal.com.br\/site\/2020\/03\/27\/witzel-diz-que-vai-decretar-mais-15-dias-de-distanciamento-social-a-partir-de-segunda-feira\/","title":{"rendered":"WITZEL DIZ QUE VAI DECRETAR MAIS 15 DIAS DE DISTANCIAMENTO SOCIAL A PARTIR DE SEGUNDA-FEIRA"},"content":{"rendered":"\n<p>O governador do Rio de Janeiro, Wilson Witzel, fez um pronunciamento na noite desta sexta-feira por uma rede social (27), no qual afirmou que vai decretar mais 15 dias de distanciamento social, a partir da pr\u00f3xima segunda-feira (27).&nbsp;<\/p>\n\n\n\n<p>&#8220;Falar para as pessoas irem para a rua hoje \u00e9 criminoso&#8221;, disse o governador, sem citar nomes. \u201cEstamos preocupados porque se n\u00e3o mantivermos as restri\u00e7\u00f5es que o mundo inteiro adotou n\u00f3s teremos graves problemas para salvar a sua vida. Precisamos que voc\u00ea fique em casa, precisamos que voc\u00ea mantenha o isolamento social\u201d, acrescentamos.<\/p>\n\n\n\n<p>O decreto publicado por Witzel com restri\u00e7\u00f5es \u00e0 popula\u00e7\u00e3o para evitar aglomera\u00e7\u00f5es e conter a doen\u00e7a foi publicado no dia 17. O prazo de 15 dias para as medidas termina no in\u00edcio da pr\u00f3xima semana, na ter\u00e7a-feira (31).&nbsp;<\/p>\n\n\n\n<p>Apesar do an\u00fancio de prorrogar as restri\u00e7\u00f5es, o governador disse que, a partir de 4 de abril, vai, com a ajuda do secret\u00e1rio de Sa\u00fade, Edmar Santos, come\u00e7ar a reavaliar as restri\u00e7\u00f5es.<\/p>\n","protected":false},"excerpt":{"rendered":"<p>O governador do Rio de Janeiro, Wilson Witzel, fez um pronunciamento na noite desta sexta-feira por uma rede social (27),<\/p>\n","protected":false},"author":1,"featured_media":7803,"comment_status":"open","ping_status":"open","sticky":false,"template":"","format":"standard","meta":{"colormag_page_container_layout":"default_layout","colormag_page_sidebar_layout":"default_layout","footnotes":""},"categories":[18],"tags":[],"class_list":["post-8260","post","type-post","status-publish","format-standard","has-post-thumbnail","hentry","category-entretenimento"],"amp_enabled":true,"_links":{"self":[{"href":"https:\/\/maricatotal.com.br\/site\/wp-json\/wp\/v2\/posts\/8260","targetHints":{"allow":["GET"]}}],"collection":[{"href":"https:\/\/maricatotal.com.br\/site\/wp-json\/wp\/v2\/posts"}],"about":[{"href":"https:\/\/maricatotal.com.br\/site\/wp-json\/wp\/v2\/types\/post"}],"author":[{"embeddable":true,"href":"https:\/\/maricatotal.com.br\/site\/wp-json\/wp\/v2\/users\/1"}],"replies":[{"embeddable":true,"href":"https:\/\/maricatotal.com.br\/site\/wp-json\/wp\/v2\/comments?post=8260"}],"version-history":[{"count":0,"href":"https:\/\/maricatotal.com.br\/site\/wp-json\/wp\/v2\/posts\/8260\/revisions"}],"wp:featuredmedia":[{"embeddable":true,"href":"https:\/\/maricatotal.com.br\/site\/wp-json\/wp\/v2\/media\/7803"}],"wp:attachment":[{"href":"https:\/\/maricatotal.com.br\/site\/wp-json\/wp\/v2\/media?parent=8260"}],"wp:term":[{"taxonomy":"category","embeddable":true,"href":"https:\/\/maricatotal.com.br\/site\/wp-json\/wp\/v2\/categories?post=8260"},{"taxonomy":"post_tag","embeddable":true,"href":"https:\/\/maricatotal.com.br\/site\/wp-json\/wp\/v2\/tags?post=8260"}],"curies":[{"name":"wp","href":"https:\/\/api.w.org\/{rel}","templated":true}]}}