{"id":8262,"date":"2020-03-28T10:26:58","date_gmt":"2020-03-28T13:26:58","guid":{"rendered":"http:\/\/maricatotal.com.br\/site\/?p=8262"},"modified":"2020-03-30T19:03:15","modified_gmt":"2020-03-30T22:03:15","slug":"numero-de-enterros-de-vitimas-suspeitas-de-coronavirus-cresce-no-rio-crianca-pode-nao-ter-sido-contabilizada","status":"publish","type":"post","link":"https:\/\/maricatotal.com.br\/site\/2020\/03\/28\/numero-de-enterros-de-vitimas-suspeitas-de-coronavirus-cresce-no-rio-crianca-pode-nao-ter-sido-contabilizada\/","title":{"rendered":"N\u00daMERO DE ENTERROS DE V\u00cdTIMAS SUSPEITAS DE CORONAV\u00cdRUS CRESCE NO RIO; CRIAN\u00c7A PODE N\u00c3O TER SIDO CONTABILIZADA"},"content":{"rendered":"\n<p>A cena \u00e9 desoladora: coveiros vestidos com roupas brancas, m\u00e1scaras de prote\u00e7\u00e3o e luvas grossas realizam enterros de v\u00edtima com suspeita da Covid-19. Para evitar contamina\u00e7\u00e3o, poucos parentes s\u00e3o autorizados a acompanhar os sepultamentos. Assim tem sido a rotina nos cemit\u00e9rios do Rio, e as estat\u00edsticas crescem, independentemente da idade: fontes da prefeitura afirmam que, entre os enterrados, essa semana, est\u00e1 at\u00e9 uma crian\u00e7a cuja declara\u00e7\u00e3o de \u00f3bito veio como contamina\u00e7\u00e3o pelo coronav\u00edrus. O munic\u00edpio diz oficialmente que n\u00e3o h\u00e1 confirma\u00e7\u00e3o de morte de crian\u00e7as.&nbsp;<\/p>\n\n\n\n<p>Os n\u00fameros crescem a cada dia e j\u00e1 n\u00e3o batem: at\u00e9 sexta-feira (27), o governo assegurava dez mortos em todo o estado &#8211; seis na capital e quatro no interior. Mas a Coordenadoria de Cemit\u00e9rios, vinculada \u00e0 Subsecretaria Municipal de Conserva\u00e7\u00e3o, informou que j\u00e1 houve 13 mortes, com sepultamentos e crema\u00e7\u00f5es, de casos confirmados pela Covid-19.<\/p>\n\n\n\n<p>A Reviver, concession\u00e1ria que administra sete cemit\u00e9rios municipais do Rio, afirma que j\u00e1 realizou cinco enterros ou crema\u00e7\u00f5es de contaminados por Covid-19; 23 foram enterrados com a declara\u00e7\u00e3o de \u00f3bito &#8216;doen\u00e7a respirat\u00f3ria&#8217;; outros 31 foram por &#8216;causa indeterminada&#8217;.<\/p>\n\n\n\n<p>Essas s\u00e3o algumas das mortes que podem cair na subnotifica\u00e7\u00e3o, que \u00e9 quando o paciente n\u00e3o consegue ser detectado com a doen\u00e7a, ou quando o hospital n\u00e3o consegue notificar os \u00f3rg\u00e3os do governo. Um estudo da Escola de Londres de Higiene e Medicina Tropical (London School of Hygiene and Tropical Medicine), divulgado no domingo, afirma que o Brasil detecta em m\u00e9dia 11% dos casos sintom\u00e1ticos da Covid-19 &#8211; aproximadamente uma em cada dez pessoas.<\/p>\n\n\n\n<p>Na noite de quinta-feira, uma senhora de 65 anos morreu, em Niter\u00f3i, com suspeitas da doen\u00e7a. Mesmo sem o diagn\u00f3stico definitivo, o enterro precisou ser r\u00e1pido e o corpo n\u00e3o p\u00f4de ter contato direto com os familiares.<\/p>\n\n\n\n<p>&#8220;Ela estava em quarentena desde o in\u00edcio, sem problemas card\u00edacos ou respirat\u00f3rios. Ela estava com sintomas moderados, foi levada ao hospital, foi constatado danos irrepar\u00e1veis no pulm\u00e3o, fizeram o teste, mas ela n\u00e3o aguentou at\u00e9 o resultado&#8221;, contou uma amiga da fam\u00edlia.&nbsp;O caix\u00e3o desceu ao t\u00famulo lacrado.<\/p>\n\n\n\n<p>Normas de seguran\u00e7a para os coveiros<\/p>\n\n\n\n<p>Al\u00e9m da dor pela perda, a dissemina\u00e7\u00e3o do coronav\u00edrus impede uma despedida digna aos parentes. Na ter\u00e7a-feira, o Di\u00e1rio Oficial do Munic\u00edpio publicou recomenda\u00e7\u00f5es para a manipula\u00e7\u00e3o de cad\u00e1veres contaminados ou suspeitos de contamina\u00e7\u00e3o. \u00c9 importante o uso de m\u00e1scaras N95, \u00f3culos de prote\u00e7\u00e3o, avental de mangas compridas e luvas descart\u00e1veis &#8211; ou duplas, que s\u00e3o mais grossas.&nbsp;Tamb\u00e9m foi recomendada a &#8220;redu\u00e7\u00e3o do tempo de contato do manipulador com o cad\u00e1ver, estando, portando, contraindicada a maquiagem do corpo&#8221;. O Minist\u00e9rio da Sa\u00fade tamb\u00e9m n\u00e3o tem recomendado vel\u00f3rios aos familiares.<\/p>\n\n\n\n<p>&#8220;Toda declara\u00e7\u00e3o de \u00f3bito que vier com &#8216;insufici\u00eancia respirat\u00f3ria&#8217;, &#8216;insufici\u00eancia respirat\u00f3ria aguda&#8217; ou &#8216;indeterminado&#8217; a gente adota essa pr\u00e1tica para a nossa seguran\u00e7a&#8221;, disse uma funcion\u00e1ria do Cemit\u00e9rio Murundu, em Realengo, que prefere n\u00e3o se identificar. S\u00f3 l\u00e1, cerca de cinco mortos suspeitos de coronav\u00edrus foram enterrados sob esse procedimento&nbsp;de seguran\u00e7a. Um coveiro, que preferiu manter o anonimato, disse ter medo: &#8220;Bate a agonia conforme o tempo passa. Conversamos muito sobre isso aqui no cemit\u00e9rio. N\u00e3o sabemos a causa do \u00f3bito, mas cada minuto que passa do enterro a gente se sente com mais risco de contamina\u00e7\u00e3o&#8221;.<\/p>\n\n\n\n<p>&#8220;N\u00f3s seguimos o protocolo da Anvisa (Ag\u00eancia Nacional de Vigil\u00e2ncia Sanit\u00e1ria) e semana que vem vou sentar com os agentes funer\u00e1rios para dar orienta\u00e7\u00f5es.Toda vez que o m\u00e9dico colocar em suspeita, a gente vai seguir o recomendado. N\u00f3s estamos em conjunto conversando e prevenindo n\u00e3o s\u00f3 nossos funcion\u00e1rios como os agentes funer\u00e1rios&#8221;, explicou Vicente Temperini, secret\u00e1rio de Obras de Niter\u00f3i.<\/p>\n","protected":false},"excerpt":{"rendered":"<p>A cena \u00e9 desoladora: coveiros vestidos com roupas brancas, m\u00e1scaras de prote\u00e7\u00e3o e luvas grossas realizam enterros de v\u00edtima com<\/p>\n","protected":false},"author":1,"featured_media":8263,"comment_status":"open","ping_status":"open","sticky":false,"template":"","format":"standard","meta":{"colormag_page_container_layout":"default_layout","colormag_page_sidebar_layout":"default_layout","footnotes":""},"categories":[14],"tags":[],"class_list":["post-8262","post","type-post","status-publish","format-standard","has-post-thumbnail","hentry","category-bairros"],"amp_enabled":true,"_links":{"self":[{"href":"https:\/\/maricatotal.com.br\/site\/wp-json\/wp\/v2\/posts\/8262","targetHints":{"allow":["GET"]}}],"collection":[{"href":"https:\/\/maricatotal.com.br\/site\/wp-json\/wp\/v2\/posts"}],"about":[{"href":"https:\/\/maricatotal.com.br\/site\/wp-json\/wp\/v2\/types\/post"}],"author":[{"embeddable":true,"href":"https:\/\/maricatotal.com.br\/site\/wp-json\/wp\/v2\/users\/1"}],"replies":[{"embeddable":true,"href":"https:\/\/maricatotal.com.br\/site\/wp-json\/wp\/v2\/comments?post=8262"}],"version-history":[{"count":0,"href":"https:\/\/maricatotal.com.br\/site\/wp-json\/wp\/v2\/posts\/8262\/revisions"}],"wp:featuredmedia":[{"embeddable":true,"href":"https:\/\/maricatotal.com.br\/site\/wp-json\/wp\/v2\/media\/8263"}],"wp:attachment":[{"href":"https:\/\/maricatotal.com.br\/site\/wp-json\/wp\/v2\/media?parent=8262"}],"wp:term":[{"taxonomy":"category","embeddable":true,"href":"https:\/\/maricatotal.com.br\/site\/wp-json\/wp\/v2\/categories?post=8262"},{"taxonomy":"post_tag","embeddable":true,"href":"https:\/\/maricatotal.com.br\/site\/wp-json\/wp\/v2\/tags?post=8262"}],"curies":[{"name":"wp","href":"https:\/\/api.w.org\/{rel}","templated":true}]}}