{"id":8314,"date":"2020-03-30T11:40:57","date_gmt":"2020-03-30T14:40:57","guid":{"rendered":"http:\/\/maricatotal.com.br\/site\/?p=8314"},"modified":"2020-03-30T19:03:14","modified_gmt":"2020-03-30T22:03:14","slug":"coronavirus-witzel-assina-novo-decreto-para-evitar-aglomeracoes-no-municipio","status":"publish","type":"post","link":"https:\/\/maricatotal.com.br\/site\/2020\/03\/30\/coronavirus-witzel-assina-novo-decreto-para-evitar-aglomeracoes-no-municipio\/","title":{"rendered":"CORONAV\u00cdRUS: WITZEL ASSINA NOVO DECRETO PARA EVITAR AGLOMERA\u00c7\u00d5ES NO MUNIC\u00cdPIO"},"content":{"rendered":"\n<p>O governador Wilson Witzel (PSC) utilizou suas redes sociais, no \u00faltimo domingo (29), para afirmar que assinaria um novo decreto que renovava algumas medidas de recomenda\u00e7\u00e3o de profissionais da sa\u00fade e da Organiza\u00e7\u00e3o Mundial da Sa\u00fade (OMS) para combater o coronav\u00edrus nesta segunda-feira (30). Algumas das recomenda\u00e7\u00f5es do decreto, por exemplo, \u00e9 proibir aglomera\u00e7\u00f5es, por isso, as pessoas v\u00e3o continuar sem poder ir \u00e0 praias.<\/p>\n\n\n\n<p>&#8220;Amanh\u00e3, segunda-feira, 30 de mar\u00e7o, assino decreto renovando as medidas restritivas&#8221;, escreveu o governador do estado do Rio de Janeiro. Witzel ainda recomendou que as pessoas n\u00e3o &#8220;desafiassem o coronav\u00edrus&#8221;. &#8220;Essa decis\u00e3o \u00e9 baseada na avalia\u00e7\u00e3o da OMS e das autoridades sanit\u00e1rias. N\u00e3o desafie o coronav\u00edrus. N\u00e3o siga atitudes impensadas e descoladas da realidade&#8221;, completou o pol\u00edtico.<\/p>\n\n\n\n<p>Em seu post, o governador pode tamb\u00e9m ter criticado a postura do atual presidente do Brasil, Jair Bolsonaro, que afirmou na \u00faltima semana que apenas pessoas do grupo de risco do coronav\u00edrus, ou seja, idosos e doentes cr\u00f4nicos, n\u00e3o poderiam sair de casa e deveriam ficar de quarentena, j\u00e1 o resto da popula\u00e7\u00e3o, para o dirigente, deveria retornar para suas rotinas.&nbsp;&nbsp;<\/p>\n\n\n\n<p>Um decreto com 15 dias de validade foi assinado por Witzel no \u00ednicio da pandemia no pa\u00eds. No entanto, o novo decreto se faz necess\u00e1rio, pois o n\u00famero de casos no estado do Rio segue aumentando. Atualmente, foram registrado 600 casos da doen\u00e7a no estado e 17 mortes. Por isso, ficar em casa \u00e9 uma das formas mais seguras de evitar que o Covid-19 se prolifere. Al\u00e9m de proibir que pessoas frequentem praias, teatros, cinemas e outros pontos, o decreto tamb\u00e9m suspende os \u00f4nibus que circulam entre munic\u00edpios, al\u00e9m de cancelar voos para locais que tenham o Covid-19.<\/p>\n\n\n\n<p><\/p>\n","protected":false},"excerpt":{"rendered":"<p>O governador Wilson Witzel (PSC) utilizou suas redes sociais, no \u00faltimo domingo (29), para afirmar que assinaria um novo decreto<\/p>\n","protected":false},"author":1,"featured_media":8315,"comment_status":"open","ping_status":"open","sticky":false,"template":"","format":"standard","meta":{"colormag_page_container_layout":"default_layout","colormag_page_sidebar_layout":"default_layout","footnotes":""},"categories":[14],"tags":[],"class_list":["post-8314","post","type-post","status-publish","format-standard","has-post-thumbnail","hentry","category-bairros"],"amp_enabled":true,"_links":{"self":[{"href":"https:\/\/maricatotal.com.br\/site\/wp-json\/wp\/v2\/posts\/8314","targetHints":{"allow":["GET"]}}],"collection":[{"href":"https:\/\/maricatotal.com.br\/site\/wp-json\/wp\/v2\/posts"}],"about":[{"href":"https:\/\/maricatotal.com.br\/site\/wp-json\/wp\/v2\/types\/post"}],"author":[{"embeddable":true,"href":"https:\/\/maricatotal.com.br\/site\/wp-json\/wp\/v2\/users\/1"}],"replies":[{"embeddable":true,"href":"https:\/\/maricatotal.com.br\/site\/wp-json\/wp\/v2\/comments?post=8314"}],"version-history":[{"count":0,"href":"https:\/\/maricatotal.com.br\/site\/wp-json\/wp\/v2\/posts\/8314\/revisions"}],"wp:featuredmedia":[{"embeddable":true,"href":"https:\/\/maricatotal.com.br\/site\/wp-json\/wp\/v2\/media\/8315"}],"wp:attachment":[{"href":"https:\/\/maricatotal.com.br\/site\/wp-json\/wp\/v2\/media?parent=8314"}],"wp:term":[{"taxonomy":"category","embeddable":true,"href":"https:\/\/maricatotal.com.br\/site\/wp-json\/wp\/v2\/categories?post=8314"},{"taxonomy":"post_tag","embeddable":true,"href":"https:\/\/maricatotal.com.br\/site\/wp-json\/wp\/v2\/tags?post=8314"}],"curies":[{"name":"wp","href":"https:\/\/api.w.org\/{rel}","templated":true}]}}