{"id":8446,"date":"2020-04-02T10:41:43","date_gmt":"2020-04-02T13:41:43","guid":{"rendered":"http:\/\/maricatotal.com.br\/site\/?p=8446"},"modified":"2020-04-02T11:46:52","modified_gmt":"2020-04-02T14:46:52","slug":"depois-de-anunciar-sancao-bolsonaro-diz-que-ainda-espera-mp-para-oficializar-auxilio-de-r-600","status":"publish","type":"post","link":"https:\/\/maricatotal.com.br\/site\/2020\/04\/02\/depois-de-anunciar-sancao-bolsonaro-diz-que-ainda-espera-mp-para-oficializar-auxilio-de-r-600\/","title":{"rendered":"DEPOIS DE ANUNCIAR SAN\u00c7\u00c3O, BOLSONARO DIZ QUE AINDA ESPERA MP PARA OFICIALIZAR AUX\u00cdLIO DE R$ 600"},"content":{"rendered":"\n<p>O presidente Jair Bolsonaro disse nesta quinta-feira (2) que vai enviar uma medida provis\u00f3ria para o Congresso antes de publicar a\u00a0san\u00e7\u00e3o do aux\u00edlio de R$ 600 mensais para trabalhadores informais. O aux\u00edlio \u00e9 uma medida para amenizar os efeitos da\u00a0pandemia de coronav\u00edrus\u00a0na economia.<\/p>\n\n\n\n<p>Bolsonaro disse que sancionou o projeto, aprovado pelo Congresso, nesta quarta (1\u00ba). Mas o texto ainda n\u00e3o foi publicado no &#8220;Di\u00e1rio Oficial da Uni\u00e3o&#8221;. Por isso, na pr\u00e1tica, ainda n\u00e3o est\u00e1 valendo.<\/p>\n\n\n\n<p>De acordo com o presidente, ele quer que a MP garanta a legalidade do gasto extra, j\u00e1 que o aux\u00edlio sair\u00e1 dos cofres do governo. O presidente argumentou que o Congresso tem que avalizar a cria\u00e7\u00e3o de novas despesas e apontar as fontes de onde sair\u00e1 o dinheiro.<\/p>\n\n\n\n<p>&#8220;Assinei ontem [quarta], estava aguardando outra medida provis\u00f3ria, porque n\u00e3o adianta dar um cheque sem fundo. Tem que ter o cr\u00e9dito tamb\u00e9m&#8221;, afirmou.<\/p>\n\n\n\n<p>Segundo o presidente, a MP deve sair nesta quinta. &#8220;Uma canetada minha errada \u00e9 crime de responsabilidade, d\u00e1 para voc\u00eas entenderem isso? Voc\u00eas querem que eu cave minha pr\u00f3pria sepultura? Voc\u00eas querem que eu cave minha pr\u00f3pria sepultura? N\u00e3o vou dar esse prazer para voc\u00eas&#8221;, completou o presidente, se dirigindo a jornalistas.&nbsp;<\/p>\n\n\n\n<p>No entanto, analistas dizem que n\u00e3o \u00e9 necess\u00e1ria a MP para liberar os pagamentos. Eles afirmam que em momentos de calamidade (o estado de calamidade j\u00e1 foi pedido pelo governo e reconhecido pelo Congresso), gastos extras est\u00e3o autorizados. Al\u00e9m disso, o ministro do Supremo Tribunal Federal (STF) Alexandre de Moraes decidiu que, na atual situa\u00e7\u00e3o, os gastos s\u00e3o legais.<\/p>\n\n\n\n<p>Mesmo sem ter oficializado a san\u00e7\u00e3o e a MP, Bolsonaro disse que o opera\u00e7\u00e3o para pagar o benef\u00edcio est\u00e1 a &#8220;todo o vapor&#8221;, com previs\u00e3o de in\u00edcio dos repasses na pr\u00f3xima semana.<\/p>\n\n\n\n<p>&#8220;Est\u00e1 a todo o vapor, semana que vem come\u00e7a a pagar&#8221;, afirmou o presidente.<\/p>\n\n\n\n<p>Segundo o governo, o aux\u00edlio de R$ 600, que ser\u00e1 pago por tr\u00eas meses, beneficiar\u00e1 54 milh\u00f5es de pessoas com um custo de R$ 98 bilh\u00f5es. A MP que o presidente precisa publicar no &#8216;Di\u00e1rio Oficial&#8217; dever\u00e1 abrir o cr\u00e9dito extraordin\u00e1rio destes R$ 98 bilh\u00f5es.<\/p>\n\n\n\n<h2 class=\"wp-block-heading\">O que dizem os especialistas<\/h2>\n\n\n\n<p>O economista e professor do IDP Jos\u00e9 Roberto Afonso, um dos idealizadores da LRF, tamb\u00e9m entende que o governo n\u00e3o precisa de PEC para come\u00e7ar a efetuar os pagamentos.<\/p>\n\n\n\n<p>&#8220;N\u00e3o falta o recurso, o recurso tem que sair da d\u00edvida p\u00fablica. N\u00e3o falta autoriza\u00e7\u00e3o, o Congresso j\u00e1 aprovou calamidade p\u00fablica em todo territ\u00f3rio nacional. Eu acho que n\u00e3o falta boa disposi\u00e7\u00e3o de governadores, prefeitos, que inclusive est\u00e3o fazendo o que o governo federal devia estar fazendo&#8221;, afirmou.<\/p>\n\n\n\n<p>&#8220;O Congresso aprovou tudo que foi pedido ao Congresso. O Supremo aprovou tudo que foi pedido a ele. O que n\u00e3o pode \u00e9 a cada momento ficar querendo aparecer novas d\u00favidas, novas quest\u00f5es e isso justificar voc\u00ea n\u00e3o agir&#8221;, completou.<\/p>\n\n\n\n<p>Para Felipe Salto, diretor-executivo da Institui\u00e7\u00e3o Fiscal Independente, entidade ligada ao Senado, o pagamento pode ser viabilizado por medida provis\u00f3ria. Por isso, segundo ele, cabe ao governo tomar a iniciativa.<\/p>\n\n\n\n<p>&#8220;O pagamento do aux\u00edlio de R$ 600, ele independe de aprova\u00e7\u00e3o de PEC. Ele pode ser viabilizado de imediato a partir de uma edi\u00e7\u00e3o de uma MP, um ato do Poder Executivo, ent\u00e3o a bola est\u00e1 na m\u00e3o do presidente da Rep\u00fablica, para que esse gasto seja feito o mais r\u00e1pido poss\u00edvel&#8221;, afirmou.<\/p>\n\n\n\n<p><\/p>\n","protected":false},"excerpt":{"rendered":"<p>O presidente Jair Bolsonaro disse nesta quinta-feira (2) que vai enviar uma medida provis\u00f3ria para o Congresso antes de publicar<\/p>\n","protected":false},"author":1,"featured_media":8146,"comment_status":"open","ping_status":"open","sticky":false,"template":"","format":"standard","meta":{"colormag_page_container_layout":"default_layout","colormag_page_sidebar_layout":"default_layout","footnotes":""},"categories":[17],"tags":[],"class_list":["post-8446","post","type-post","status-publish","format-standard","has-post-thumbnail","hentry","category-politica"],"amp_enabled":true,"_links":{"self":[{"href":"https:\/\/maricatotal.com.br\/site\/wp-json\/wp\/v2\/posts\/8446","targetHints":{"allow":["GET"]}}],"collection":[{"href":"https:\/\/maricatotal.com.br\/site\/wp-json\/wp\/v2\/posts"}],"about":[{"href":"https:\/\/maricatotal.com.br\/site\/wp-json\/wp\/v2\/types\/post"}],"author":[{"embeddable":true,"href":"https:\/\/maricatotal.com.br\/site\/wp-json\/wp\/v2\/users\/1"}],"replies":[{"embeddable":true,"href":"https:\/\/maricatotal.com.br\/site\/wp-json\/wp\/v2\/comments?post=8446"}],"version-history":[{"count":0,"href":"https:\/\/maricatotal.com.br\/site\/wp-json\/wp\/v2\/posts\/8446\/revisions"}],"wp:featuredmedia":[{"embeddable":true,"href":"https:\/\/maricatotal.com.br\/site\/wp-json\/wp\/v2\/media\/8146"}],"wp:attachment":[{"href":"https:\/\/maricatotal.com.br\/site\/wp-json\/wp\/v2\/media?parent=8446"}],"wp:term":[{"taxonomy":"category","embeddable":true,"href":"https:\/\/maricatotal.com.br\/site\/wp-json\/wp\/v2\/categories?post=8446"},{"taxonomy":"post_tag","embeddable":true,"href":"https:\/\/maricatotal.com.br\/site\/wp-json\/wp\/v2\/tags?post=8446"}],"curies":[{"name":"wp","href":"https:\/\/api.w.org\/{rel}","templated":true}]}}