{"id":8468,"date":"2020-04-02T17:21:18","date_gmt":"2020-04-02T20:21:18","guid":{"rendered":"http:\/\/maricatotal.com.br\/site\/?p=8468"},"modified":"2020-04-02T17:22:48","modified_gmt":"2020-04-02T20:22:48","slug":"aldair-de-linda-afirma-que-dinheiro-destinado-a-sg-nao-e-do-fundo-soberano-de-marica","status":"publish","type":"post","link":"https:\/\/maricatotal.com.br\/site\/2020\/04\/02\/aldair-de-linda-afirma-que-dinheiro-destinado-a-sg-nao-e-do-fundo-soberano-de-marica\/","title":{"rendered":"ALDAIR DE LINDA AFIRMA QUE DINHEIRO DESTINADO A SG N\u00c3O \u00c9 DO FUNDO SOBERANO DE MARIC\u00c1"},"content":{"rendered":"\n<p>O vereador e Presidente da C\u00e2mara Municipal de Maric\u00e1, Aldair de Linda, afirmou que os R$ 45 milh\u00f5es destinados para constru\u00e7\u00e3o de novos Hospitais de Campanha em S\u00e3o Gon\u00e7alo contra o coronav\u00edrus n\u00e3o \u00e9 do Fundo Soberano do munic\u00edpio.<\/p>\n\n\n\n<p>A informa\u00e7\u00e3o foi confirmada pelo pol\u00edtico ao Site Maric\u00e1 Total, que ainda declarou que o dinheiro ser\u00e1 totalmente do Royalty.<\/p>\n\n\n\n<p>\u201cO prefeito est\u00e1 tomando todas as medidas poss\u00edveis no munic\u00edpio. N\u00f3s temos uma central em Ponta Negra, Itaipua\u00e7u e aqui no Centro de Maric\u00e1. Ajudando S\u00e3o Gon\u00e7alo, vamos evitar que essas pessoas venham para Maric\u00e1.\u201d<\/p>\n\n\n\n<p>Maric\u00e1 e Niter\u00f3i, que tamb\u00e9m doou a mesma quantia, foram muito elogiados em diversos jornais do Brasil pelo feito.<\/p>\n\n\n\n<p><\/p>\n","protected":false},"excerpt":{"rendered":"<p>O vereador e Presidente da C\u00e2mara Municipal de Maric\u00e1, Aldair de Linda, afirmou que os R$ 45 milh\u00f5es destinados para<\/p>\n","protected":false},"author":1,"featured_media":8469,"comment_status":"open","ping_status":"open","sticky":false,"template":"","format":"standard","meta":{"colormag_page_container_layout":"default_layout","colormag_page_sidebar_layout":"default_layout","footnotes":""},"categories":[17],"tags":[],"class_list":["post-8468","post","type-post","status-publish","format-standard","has-post-thumbnail","hentry","category-politica"],"amp_enabled":true,"_links":{"self":[{"href":"https:\/\/maricatotal.com.br\/site\/wp-json\/wp\/v2\/posts\/8468","targetHints":{"allow":["GET"]}}],"collection":[{"href":"https:\/\/maricatotal.com.br\/site\/wp-json\/wp\/v2\/posts"}],"about":[{"href":"https:\/\/maricatotal.com.br\/site\/wp-json\/wp\/v2\/types\/post"}],"author":[{"embeddable":true,"href":"https:\/\/maricatotal.com.br\/site\/wp-json\/wp\/v2\/users\/1"}],"replies":[{"embeddable":true,"href":"https:\/\/maricatotal.com.br\/site\/wp-json\/wp\/v2\/comments?post=8468"}],"version-history":[{"count":0,"href":"https:\/\/maricatotal.com.br\/site\/wp-json\/wp\/v2\/posts\/8468\/revisions"}],"wp:featuredmedia":[{"embeddable":true,"href":"https:\/\/maricatotal.com.br\/site\/wp-json\/wp\/v2\/media\/8469"}],"wp:attachment":[{"href":"https:\/\/maricatotal.com.br\/site\/wp-json\/wp\/v2\/media?parent=8468"}],"wp:term":[{"taxonomy":"category","embeddable":true,"href":"https:\/\/maricatotal.com.br\/site\/wp-json\/wp\/v2\/categories?post=8468"},{"taxonomy":"post_tag","embeddable":true,"href":"https:\/\/maricatotal.com.br\/site\/wp-json\/wp\/v2\/tags?post=8468"}],"curies":[{"name":"wp","href":"https:\/\/api.w.org\/{rel}","templated":true}]}}