{"id":8633,"date":"2020-04-06T08:02:18","date_gmt":"2020-04-06T11:02:18","guid":{"rendered":"http:\/\/maricatotal.com.br\/site\/?p=8633"},"modified":"2020-04-06T10:21:13","modified_gmt":"2020-04-06T13:21:13","slug":"prefeitura-inaugura-nesta-segunda-primeiro-polo-de-atendimento-para-covid-19","status":"publish","type":"post","link":"https:\/\/maricatotal.com.br\/site\/2020\/04\/06\/prefeitura-inaugura-nesta-segunda-primeiro-polo-de-atendimento-para-covid-19\/","title":{"rendered":"PREFEITURA INAUGURA NESTA SEGUNDA PRIMEIRO POLO DE ATENDIMENTO PARA COVID-19"},"content":{"rendered":"\n<p>A Prefeitura de Maric\u00e1 inaugura nesta segunda-feira (06\/04), \u00e0s 8h, o primeiro polo de atendimento exclusivo para Covid-19. Com a abertura do polo, no Esporte Clube Maric\u00e1, Centro do munic\u00edpio, tem in\u00edcio a pr\u00f3xima etapa do combate \u00e0 pandemia causada pelo novo coronavirus, que consiste em atender poss\u00edveis infectados fora dos hospitais e unidades de emerg\u00eancia da rede de sa\u00fade, que ficam reservadas para os pacientes que apresentem quadro grave da doen\u00e7a.<\/p>\n\n\n\n<p>Os polos de atendimento \u2013 outros dois ser\u00e3o abertos nas pr\u00f3ximas semanas, em Itaipua\u00e7u e em Ponta Negra \u2013 funcionar\u00e3o todos os dias, das 8h \u00e0s 20h, e contam com equipes de m\u00e9dicos, enfermeiros e pessoal de apoio que receberam treinamento espec\u00edfico para lidar com pessoas que apresentem sintomas de Covid-19. J\u00e1 na chegada ao polo, cada paciente ser\u00e1 submetido a um protocolo de classifica\u00e7\u00e3o de risco, que avaliar\u00e1 o quadro cl\u00ednico e a necessidade, ou n\u00e3o, de interna\u00e7\u00e3o hospitalar.<\/p>\n\n\n\n<p>Os pacientes ser\u00e3o separados at\u00e9 em salas de espera diferentes, evitando o chamado cruzamento de fluxos, que aumenta o risco de cont\u00e1gio. Assim, se uma pessoa tem febre, ficar\u00e1 num espa\u00e7o com outros que apresentem esse sintoma; se tem febre e tosse, j\u00e1 vai para outra \u00e1rea \u2013 cada uma assistida por um m\u00e9dico diferente\u201d, explicou a subsecret\u00e1ria da Rede de Aten\u00e7\u00e3o e Sa\u00fade Coletiva da Secretaria de Sa\u00fade, Solange Oliveira.<\/p>\n\n\n\n<p>Com a abertura dos polos de atendimento, a Prefeitura refor\u00e7a a orienta\u00e7\u00e3o de que a popula\u00e7\u00e3o deve procurar essas unidades para o primeiro atendimento.<\/p>\n","protected":false},"excerpt":{"rendered":"<p>A Prefeitura de Maric\u00e1 inaugura nesta segunda-feira (06\/04), \u00e0s 8h, o primeiro polo de atendimento exclusivo para Covid-19. Com a<\/p>\n","protected":false},"author":1,"featured_media":8634,"comment_status":"open","ping_status":"open","sticky":false,"template":"","format":"standard","meta":{"colormag_page_container_layout":"default_layout","colormag_page_sidebar_layout":"default_layout","footnotes":""},"categories":[14,18],"tags":[],"class_list":["post-8633","post","type-post","status-publish","format-standard","has-post-thumbnail","hentry","category-bairros","category-entretenimento"],"amp_enabled":true,"_links":{"self":[{"href":"https:\/\/maricatotal.com.br\/site\/wp-json\/wp\/v2\/posts\/8633","targetHints":{"allow":["GET"]}}],"collection":[{"href":"https:\/\/maricatotal.com.br\/site\/wp-json\/wp\/v2\/posts"}],"about":[{"href":"https:\/\/maricatotal.com.br\/site\/wp-json\/wp\/v2\/types\/post"}],"author":[{"embeddable":true,"href":"https:\/\/maricatotal.com.br\/site\/wp-json\/wp\/v2\/users\/1"}],"replies":[{"embeddable":true,"href":"https:\/\/maricatotal.com.br\/site\/wp-json\/wp\/v2\/comments?post=8633"}],"version-history":[{"count":0,"href":"https:\/\/maricatotal.com.br\/site\/wp-json\/wp\/v2\/posts\/8633\/revisions"}],"wp:featuredmedia":[{"embeddable":true,"href":"https:\/\/maricatotal.com.br\/site\/wp-json\/wp\/v2\/media\/8634"}],"wp:attachment":[{"href":"https:\/\/maricatotal.com.br\/site\/wp-json\/wp\/v2\/media?parent=8633"}],"wp:term":[{"taxonomy":"category","embeddable":true,"href":"https:\/\/maricatotal.com.br\/site\/wp-json\/wp\/v2\/categories?post=8633"},{"taxonomy":"post_tag","embeddable":true,"href":"https:\/\/maricatotal.com.br\/site\/wp-json\/wp\/v2\/tags?post=8633"}],"curies":[{"name":"wp","href":"https:\/\/api.w.org\/{rel}","templated":true}]}}