{"id":8825,"date":"2020-04-09T19:42:20","date_gmt":"2020-04-09T22:42:20","guid":{"rendered":"http:\/\/maricatotal.com.br\/site\/?p=8825"},"modified":"2020-04-16T23:17:00","modified_gmt":"2020-04-17T02:17:00","slug":"transito-de-marica-tera-mudancas-a-partir-da-proxima-segunda-feira","status":"publish","type":"post","link":"https:\/\/maricatotal.com.br\/site\/2020\/04\/09\/transito-de-marica-tera-mudancas-a-partir-da-proxima-segunda-feira\/","title":{"rendered":"TR\u00c2NSITO DE MARIC\u00c1 TER\u00c1 MUDAN\u00c7AS A PARTIR DA PR\u00d3XIMA SEGUNDA-FEIRA"},"content":{"rendered":"\n<p>Representantes das Secretarias de Ordem P\u00fablica e Gest\u00e3o de Gabinete Institucional e Tr\u00e2nsito, Engenharia Vi\u00e1ria e da Empresa P\u00fablica de Transportes (EPT) se reuniram nesta quinta-feira (09\/04), no Gabinete de Gest\u00e3o Integrada (GGIM), no Centro, para falar sobre mudan\u00e7as no tr\u00e2nsito da cidade que ter\u00e3o in\u00edcio na pr\u00f3xima segunda-feira (13\/04).<\/p>\n\n\n\n<p>Secret\u00e1rio&nbsp;de Ordem P\u00fablica e Gest\u00e3o de Gabinete Institucional, J\u00falio C\u00e9sar Veras Vieira contou que a medida fez-se necess\u00e1ria por conta&nbsp;da grande aglomera\u00e7\u00e3o de pessoas especialmente na Rua Ribeiro de Almeida, tamb\u00e9m conhecida como rua dos bancos por concentrar v\u00e1rias ag\u00eancias banc\u00e1rias da cidade, no per\u00edodo compreendido entre 8h e 18h de segunda a sexta-feira. Nos fins de semana n\u00e3o haver\u00e1 modifica\u00e7\u00e3o.&nbsp;<\/p>\n\n\n\n<p>\u201cAs filas ficam enormes em raz\u00e3o do pagamento da Prefeitura, do INSS e dos benef\u00edcios agora em raz\u00e3o do Covid-19. Haver\u00e1 acesso a apenas uma das vias e assim mesmo para carros de servi\u00e7o e pessoas com dificuldade de locomo\u00e7\u00e3o que tenham que desembarcar na frente dos bancos. Com isso, esperamos diminuir o fluxo de ve\u00edculos\u201d, explicou J\u00falio Veras.<\/p>\n\n\n\n<p>A via da esquerda ficar\u00e1 liberada para os pedestres. \u201cN\u00f3s percebemos que mesmo com a orienta\u00e7\u00e3o do guarda municipal, existe muita dificuldade para o distanciamento, porque h\u00e1 um grande n\u00famero de pessoas nas filas, a\u00ed essas filas acabam se misturando. Ent\u00e3o vamos aumentar a rua, que vai servir como um cal\u00e7ad\u00e3o, facilitando que as pessoas respeitem a dist\u00e2ncia m\u00ednima entre elas, para que se evite qualquer possibilidade de cont\u00e1gio\u201d, completou o secret\u00e1rio.<\/p>\n\n\n\n<p>A medida n\u00e3o pretende dificultar o tr\u00e2nsito dos moradores. Vias exclusivas poder\u00e3o ser acessadas por eles. Estacionar nas ruas do entorno \u00e0 \u00e1rea banc\u00e1ria tamb\u00e9m ser\u00e1 proibido. J\u00e1 os \u00f4nibus ter\u00e3o suas rotas modificadas. Em vez de acessar a Rua Ribeiro de Almeida, os coletivos seguir\u00e3o pela Rua Dom\u00edcio da Gama at\u00e9 a Rua Atha\u00edde Parreiras, seguindo at\u00e9 a Av. Roberto Silveira, em dire\u00e7\u00e3o ao Terminal Rodovi\u00e1rio do Centro. Os motoristas devem estar atentos \u00e0 orienta\u00e7\u00e3o dos agentes de tr\u00e2nsito.<\/p>\n\n\n\n<p>\u201cCom essa primeira a\u00e7\u00e3o aqui no centro da cidade, acredito que a gente consiga um resultado significativo com rela\u00e7\u00e3o n\u00e3o s\u00f3 \u00e0 aglomera\u00e7\u00e3o de pessoas, mas tamb\u00e9m \u00e0 preserva\u00e7\u00e3o \u00e0 integridade delas\u201d, concluiu Veras.<\/p>\n\n\n\n<p>\u00c9 importante ressaltar que esse planejamento \u00e9 din\u00e2mico e pode ser modificado nas pr\u00f3ximas semanas, aumentando inclusive, essa restri\u00e7\u00e3o. Tudo vai depender de como est\u00e1 a curva de cont\u00e1gio e do comportamento das pessoas.<\/p>\n\n\n\n<p>Segue abaixo o arquivo com a ilustra\u00e7\u00e3o das mudan\u00e7as.<\/p>\n\n\n\n<p><a href=\"https:\/\/www.marica.rj.gov.br\/wp-content\/uploads\/2020\/04\/FECHAMENTO-RUA-DOS-BANCOS.pdf\">FECHAMENTO RUA DOS BANCOS<\/a><\/p>\n\n\n\n<p><\/p>\n","protected":false},"excerpt":{"rendered":"<p>Representantes das Secretarias de Ordem P\u00fablica e Gest\u00e3o de Gabinete Institucional e Tr\u00e2nsito, Engenharia Vi\u00e1ria e da Empresa P\u00fablica de<\/p>\n","protected":false},"author":1,"featured_media":8826,"comment_status":"open","ping_status":"open","sticky":false,"template":"","format":"standard","meta":{"colormag_page_container_layout":"default_layout","colormag_page_sidebar_layout":"default_layout","footnotes":""},"categories":[18,16],"tags":[],"class_list":["post-8825","post","type-post","status-publish","format-standard","has-post-thumbnail","hentry","category-entretenimento","category-transito"],"amp_enabled":true,"_links":{"self":[{"href":"https:\/\/maricatotal.com.br\/site\/wp-json\/wp\/v2\/posts\/8825","targetHints":{"allow":["GET"]}}],"collection":[{"href":"https:\/\/maricatotal.com.br\/site\/wp-json\/wp\/v2\/posts"}],"about":[{"href":"https:\/\/maricatotal.com.br\/site\/wp-json\/wp\/v2\/types\/post"}],"author":[{"embeddable":true,"href":"https:\/\/maricatotal.com.br\/site\/wp-json\/wp\/v2\/users\/1"}],"replies":[{"embeddable":true,"href":"https:\/\/maricatotal.com.br\/site\/wp-json\/wp\/v2\/comments?post=8825"}],"version-history":[{"count":0,"href":"https:\/\/maricatotal.com.br\/site\/wp-json\/wp\/v2\/posts\/8825\/revisions"}],"wp:featuredmedia":[{"embeddable":true,"href":"https:\/\/maricatotal.com.br\/site\/wp-json\/wp\/v2\/media\/8826"}],"wp:attachment":[{"href":"https:\/\/maricatotal.com.br\/site\/wp-json\/wp\/v2\/media?parent=8825"}],"wp:term":[{"taxonomy":"category","embeddable":true,"href":"https:\/\/maricatotal.com.br\/site\/wp-json\/wp\/v2\/categories?post=8825"},{"taxonomy":"post_tag","embeddable":true,"href":"https:\/\/maricatotal.com.br\/site\/wp-json\/wp\/v2\/tags?post=8825"}],"curies":[{"name":"wp","href":"https:\/\/api.w.org\/{rel}","templated":true}]}}