{"id":8843,"date":"2020-04-10T10:19:33","date_gmt":"2020-04-10T13:19:33","guid":{"rendered":"http:\/\/maricatotal.com.br\/site\/?p=8843"},"modified":"2020-04-16T23:18:38","modified_gmt":"2020-04-17T02:18:38","slug":"coronavirus-segundo-obito-em-marica-e-confirmado-pela-secretaria-de-saude","status":"publish","type":"post","link":"https:\/\/maricatotal.com.br\/site\/2020\/04\/10\/coronavirus-segundo-obito-em-marica-e-confirmado-pela-secretaria-de-saude\/","title":{"rendered":"CORONAV\u00cdRUS: SEGUNDO \u00d3BITO EM MARIC\u00c1 \u00c9 CONFIRMADO PELA SECRETARIA DE SA\u00daDE"},"content":{"rendered":"\n<p>  A Secretaria Municipal de Sa\u00fade confirmou, na manh\u00e3 desta sexta-feira (10), o segundo \u00f3bito por Covid-19 em Maric\u00e1.  <\/p>\n\n\n\n<p> A paciente \u00e9 uma mulher de 58 anos, moradora de Ino\u00e3, que foi internada no dia 03\/04 no Hospital Municipal Conde Modesto Leal. Era portadora de insufici\u00eancia renal cr\u00f4nica \u2013 com necessidade de di\u00e1lise \u2013 hipertensa e diab\u00e9tica.  <\/p>\n\n\n\n<p> Com o agravamento do quadro causado pela s\u00edndrome respirat\u00f3ria, foi transferida para o CTI de um hospital em Volta Redonda, onde veio a falecer.  <\/p>\n\n\n\n<p>  A cidade j\u00e1 soma 13 casos positivos, 28 suspeitos, 42 descartados, 6 curados e agora 2 \u00f3bitos.  <\/p>\n","protected":false},"excerpt":{"rendered":"<p>A Secretaria Municipal de Sa\u00fade confirmou, na manh\u00e3 desta sexta-feira (10), o segundo \u00f3bito por Covid-19 em Maric\u00e1. A paciente<\/p>\n","protected":false},"author":1,"featured_media":8844,"comment_status":"open","ping_status":"open","sticky":false,"template":"","format":"standard","meta":{"colormag_page_container_layout":"default_layout","colormag_page_sidebar_layout":"default_layout","footnotes":""},"categories":[18],"tags":[],"class_list":["post-8843","post","type-post","status-publish","format-standard","has-post-thumbnail","hentry","category-entretenimento"],"amp_enabled":true,"_links":{"self":[{"href":"https:\/\/maricatotal.com.br\/site\/wp-json\/wp\/v2\/posts\/8843","targetHints":{"allow":["GET"]}}],"collection":[{"href":"https:\/\/maricatotal.com.br\/site\/wp-json\/wp\/v2\/posts"}],"about":[{"href":"https:\/\/maricatotal.com.br\/site\/wp-json\/wp\/v2\/types\/post"}],"author":[{"embeddable":true,"href":"https:\/\/maricatotal.com.br\/site\/wp-json\/wp\/v2\/users\/1"}],"replies":[{"embeddable":true,"href":"https:\/\/maricatotal.com.br\/site\/wp-json\/wp\/v2\/comments?post=8843"}],"version-history":[{"count":0,"href":"https:\/\/maricatotal.com.br\/site\/wp-json\/wp\/v2\/posts\/8843\/revisions"}],"wp:featuredmedia":[{"embeddable":true,"href":"https:\/\/maricatotal.com.br\/site\/wp-json\/wp\/v2\/media\/8844"}],"wp:attachment":[{"href":"https:\/\/maricatotal.com.br\/site\/wp-json\/wp\/v2\/media?parent=8843"}],"wp:term":[{"taxonomy":"category","embeddable":true,"href":"https:\/\/maricatotal.com.br\/site\/wp-json\/wp\/v2\/categories?post=8843"},{"taxonomy":"post_tag","embeddable":true,"href":"https:\/\/maricatotal.com.br\/site\/wp-json\/wp\/v2\/tags?post=8843"}],"curies":[{"name":"wp","href":"https:\/\/api.w.org\/{rel}","templated":true}]}}