{"id":8923,"date":"2020-04-12T10:25:07","date_gmt":"2020-04-12T13:25:07","guid":{"rendered":"http:\/\/maricatotal.com.br\/site\/?p=8923"},"modified":"2020-04-16T23:21:53","modified_gmt":"2020-04-17T02:21:53","slug":"coronavirus-decreto-de-isolamento-social-pode-ser-prorrogado-ate-maio","status":"publish","type":"post","link":"https:\/\/maricatotal.com.br\/site\/2020\/04\/12\/coronavirus-decreto-de-isolamento-social-pode-ser-prorrogado-ate-maio\/","title":{"rendered":"CORONAV\u00cdRUS: DECRETO DE ISOLAMENTO SOCIAL PODE SER PRORROGADO AT\u00c9 MAIO"},"content":{"rendered":"\n<p>O decreto municipal de isolamento social e a suspens\u00e3o do com\u00e9rcio e servi\u00e7os pode ser estendido at\u00e9 o in\u00edcio de maio, devido a pandemia do novo coronav\u00edrus.<\/p>\n\n\n\n<p>O prefeito Fabiano Horta (PT) comentou sobre o assunto em uma transmiss\u00e3o ao vivo no \u00faltimo s\u00e1bado, citando que o \u00e1pice do Covid-19 ser\u00e1 entre a \u00faltima semana de abril e o in\u00edcio de maio. <\/p>\n\n\n\n<p> Manter todas as medidas de afastamento social para evitar a propaga\u00e7\u00e3o do novo coronav\u00edrus na cidade \u00e9 a a\u00e7\u00e3o mais eficaz conhecida neste momento.<\/p>\n\n\n\n<p>O decreto atual segue at\u00e9 o dia 14 de abril, ter\u00e7a-feira.<\/p>\n","protected":false},"excerpt":{"rendered":"<p>O decreto municipal de isolamento social e a suspens\u00e3o do com\u00e9rcio e servi\u00e7os pode ser estendido at\u00e9 o in\u00edcio de<\/p>\n","protected":false},"author":1,"featured_media":8924,"comment_status":"open","ping_status":"open","sticky":false,"template":"","format":"standard","meta":{"colormag_page_container_layout":"default_layout","colormag_page_sidebar_layout":"default_layout","footnotes":""},"categories":[18],"tags":[],"class_list":["post-8923","post","type-post","status-publish","format-standard","has-post-thumbnail","hentry","category-entretenimento"],"amp_enabled":true,"_links":{"self":[{"href":"https:\/\/maricatotal.com.br\/site\/wp-json\/wp\/v2\/posts\/8923","targetHints":{"allow":["GET"]}}],"collection":[{"href":"https:\/\/maricatotal.com.br\/site\/wp-json\/wp\/v2\/posts"}],"about":[{"href":"https:\/\/maricatotal.com.br\/site\/wp-json\/wp\/v2\/types\/post"}],"author":[{"embeddable":true,"href":"https:\/\/maricatotal.com.br\/site\/wp-json\/wp\/v2\/users\/1"}],"replies":[{"embeddable":true,"href":"https:\/\/maricatotal.com.br\/site\/wp-json\/wp\/v2\/comments?post=8923"}],"version-history":[{"count":0,"href":"https:\/\/maricatotal.com.br\/site\/wp-json\/wp\/v2\/posts\/8923\/revisions"}],"wp:featuredmedia":[{"embeddable":true,"href":"https:\/\/maricatotal.com.br\/site\/wp-json\/wp\/v2\/media\/8924"}],"wp:attachment":[{"href":"https:\/\/maricatotal.com.br\/site\/wp-json\/wp\/v2\/media?parent=8923"}],"wp:term":[{"taxonomy":"category","embeddable":true,"href":"https:\/\/maricatotal.com.br\/site\/wp-json\/wp\/v2\/categories?post=8923"},{"taxonomy":"post_tag","embeddable":true,"href":"https:\/\/maricatotal.com.br\/site\/wp-json\/wp\/v2\/tags?post=8923"}],"curies":[{"name":"wp","href":"https:\/\/api.w.org\/{rel}","templated":true}]}}