{"id":8944,"date":"2020-04-12T17:48:09","date_gmt":"2020-04-12T20:48:09","guid":{"rendered":"http:\/\/maricatotal.com.br\/site\/?p=8944"},"modified":"2020-04-16T23:21:53","modified_gmt":"2020-04-17T02:21:53","slug":"coronavirus-marica-tem-mais-3-casos-positivos-de-coronavirus-confirmados","status":"publish","type":"post","link":"https:\/\/maricatotal.com.br\/site\/2020\/04\/12\/coronavirus-marica-tem-mais-3-casos-positivos-de-coronavirus-confirmados\/","title":{"rendered":"CORONAV\u00cdRUS: MARIC\u00c1 TEM MAIS 3 CASOS POSITIVOS DE CORONAV\u00cdRUS CONFIRMADOS"},"content":{"rendered":"\n<p>A Secretaria de Estado de Sa\u00fade (SES) confirmou mais 3 casos positivos de coronav\u00edrus em Maric\u00e1 nas \u00faltimas 24h, no in\u00edcio da noite deste domingo (12), no boletim epidemiol\u00f3gico informativo di\u00e1rio.<\/p>\n\n\n\n<p>A Secretaria de Sa\u00fade de Maric\u00e1 informou mais 3 novos casos confirmados de SARS-CoV-2 no munic\u00edpio, num total de 18 casos, e o 3\u00b0 \u00f3bito entre eles. <\/p>\n\n\n\n<p>O 16\u00b0 caso \u00e9 o de uma paciente com 60 anos, moradora do Centro\/Saco das Flores. Portadora de leucemia, se encontrava internada na rede p\u00fablica de Niter\u00f3i. Com o agravamento do quadro causado pela s\u00edndrome respirat\u00f3ria ela faleceu no dia 7 de abril e seu resultado positivo para SARS-CoV-2 foi confirmado neste domingo.<\/p>\n\n\n\n<p>O 17\u00ba caso \u00e9 o de uma paciente com 43 anos, residente no Jardim Atl\u00e2ntico, em Itaipua\u00e7u. Profissional da Sa\u00fade da rede privada de Niter\u00f3i, sem comorbidades relatadas, teve seu resultado confirmado SARS-CoV-2 no dia 11\/04. Encontra-se em estado est\u00e1vel e sua evolu\u00e7\u00e3o seguir\u00e1 sendo acompanhada pela Vigil\u00e2ncia Epidemiol\u00f3gica\/Rede de Aten\u00e7\u00e3o B\u00e1sica.<\/p>\n\n\n\n<p> O 18\u00ba caso \u00e9 o de uma paciente com 36 anos, residente no Caxito, profissional de Sa\u00fade das redes p\u00fablicas de Maric\u00e1 e de Niter\u00f3i, teve seu resultado confirmado SARS-CoV-2 neste domingo (12\/04). Ela se encontra em isolamento domiciliar, tem seu quadro de sa\u00fade est\u00e1vel, e sua evolu\u00e7\u00e3o seguir\u00e1 tamb\u00e9m sendo acompanhada pela Vigil\u00e2ncia Epidemiol\u00f3gica\/Rede de Aten\u00e7\u00e3o B\u00e1sica.<\/p>\n\n\n\n<p>De sexta-feira para s\u00e1bado, o munic\u00edpio n\u00e3o registrou nenhum caso positivo de Covid-19, mas neste domingo foram 3, chegando a 18 casos confirmados. <\/p>\n\n\n\n<p>Diversas a\u00e7\u00f5es seguem sendo feitas diariamente em combate ao Covid-19. O decreto de isolamento social deve ser estendido at\u00e9 o in\u00edcio de maio.<\/p>\n\n\n\n<figure class=\"wp-block-image size-large\"><img loading=\"lazy\" decoding=\"async\" width=\"608\" height=\"1024\" src=\"http:\/\/maricatotal.com.br\/site\/wp-content\/uploads\/2020\/04\/WhatsApp-Image-2020-04-12-at-17.46.58-608x1024.jpeg\" alt=\"\" class=\"wp-image-8947\" srcset=\"https:\/\/maricatotal.com.br\/site\/wp-content\/uploads\/2020\/04\/WhatsApp-Image-2020-04-12-at-17.46.58-608x1024.jpeg 608w, https:\/\/maricatotal.com.br\/site\/wp-content\/uploads\/2020\/04\/WhatsApp-Image-2020-04-12-at-17.46.58-178x300.jpeg 178w, https:\/\/maricatotal.com.br\/site\/wp-content\/uploads\/2020\/04\/WhatsApp-Image-2020-04-12-at-17.46.58.jpeg 744w\" sizes=\"auto, (max-width: 608px) 100vw, 608px\" \/><\/figure>\n\n\n\n<p><\/p>\n","protected":false},"excerpt":{"rendered":"<p>A Secretaria de Estado de Sa\u00fade (SES) confirmou mais 3 casos positivos de coronav\u00edrus em Maric\u00e1 nas \u00faltimas 24h, no<\/p>\n","protected":false},"author":1,"featured_media":8945,"comment_status":"open","ping_status":"open","sticky":false,"template":"","format":"standard","meta":{"colormag_page_container_layout":"default_layout","colormag_page_sidebar_layout":"default_layout","footnotes":""},"categories":[18],"tags":[],"class_list":["post-8944","post","type-post","status-publish","format-standard","has-post-thumbnail","hentry","category-entretenimento"],"amp_enabled":true,"_links":{"self":[{"href":"https:\/\/maricatotal.com.br\/site\/wp-json\/wp\/v2\/posts\/8944","targetHints":{"allow":["GET"]}}],"collection":[{"href":"https:\/\/maricatotal.com.br\/site\/wp-json\/wp\/v2\/posts"}],"about":[{"href":"https:\/\/maricatotal.com.br\/site\/wp-json\/wp\/v2\/types\/post"}],"author":[{"embeddable":true,"href":"https:\/\/maricatotal.com.br\/site\/wp-json\/wp\/v2\/users\/1"}],"replies":[{"embeddable":true,"href":"https:\/\/maricatotal.com.br\/site\/wp-json\/wp\/v2\/comments?post=8944"}],"version-history":[{"count":0,"href":"https:\/\/maricatotal.com.br\/site\/wp-json\/wp\/v2\/posts\/8944\/revisions"}],"wp:featuredmedia":[{"embeddable":true,"href":"https:\/\/maricatotal.com.br\/site\/wp-json\/wp\/v2\/media\/8945"}],"wp:attachment":[{"href":"https:\/\/maricatotal.com.br\/site\/wp-json\/wp\/v2\/media?parent=8944"}],"wp:term":[{"taxonomy":"category","embeddable":true,"href":"https:\/\/maricatotal.com.br\/site\/wp-json\/wp\/v2\/categories?post=8944"},{"taxonomy":"post_tag","embeddable":true,"href":"https:\/\/maricatotal.com.br\/site\/wp-json\/wp\/v2\/tags?post=8944"}],"curies":[{"name":"wp","href":"https:\/\/api.w.org\/{rel}","templated":true}]}}