{"id":8963,"date":"2020-04-13T10:59:26","date_gmt":"2020-04-13T13:59:26","guid":{"rendered":"http:\/\/maricatotal.com.br\/site\/?p=8963"},"modified":"2020-04-16T23:22:58","modified_gmt":"2020-04-17T02:22:58","slug":"polo-de-atendimento-para-covid-19-e-inaugurado-em-itaipuacu","status":"publish","type":"post","link":"https:\/\/maricatotal.com.br\/site\/2020\/04\/13\/polo-de-atendimento-para-covid-19-e-inaugurado-em-itaipuacu\/","title":{"rendered":"P\u00d3LO DE ATENDIMENTO PARA COVID-19 \u00c9 INAUGURADO EM ITAIPUA\u00c7U"},"content":{"rendered":"\n<p>A Prefeitura de Maric\u00e1 inaugurou o P\u00f3lo de Atendimento exclusivo para coronav\u00edrus na manh\u00e3 desta segunda-feira (13) , em Itaipua\u00e7u, entre as Ruas 4 e 8.<\/p>\n\n\n\n<p> O polo de atendimento funcionar\u00e1 todos os dias, das 8h \u00e0s 20h, e contam com equipes de m\u00e9dicos, enfermeiros e pessoal de apoio que receberam treinamento espec\u00edfico para lidar com pessoas que apresentem sintomas de Covid-19. J\u00e1 na chegada ao polo, cada paciente ser\u00e1 submetido a um protocolo de classifica\u00e7\u00e3o de risco, que avaliar\u00e1 o quadro cl\u00ednico e a necessidade, ou n\u00e3o, de interna\u00e7\u00e3o hospitalar. <\/p>\n\n\n\n<p>Os pacientes ser\u00e3o separados at\u00e9 em salas de espera diferentes, evitando o chamado cruzamento de fluxos, que aumenta o risco de cont\u00e1gio. Assim, se uma pessoa tem febre, ficar\u00e1 num espa\u00e7o com outros que apresentem esse sintoma; se tem febre e tosse, j\u00e1 vai para outra \u00e1rea \u2013 cada uma assistida por um m\u00e9dico diferente\u201d, explicou a subsecret\u00e1ria da Rede de Aten\u00e7\u00e3o e Sa\u00fade Coletiva da Secretaria de Sa\u00fade, Solange Oliveira.<\/p>\n\n\n\n<p>Com a abertura dos polos de atendimento, a Prefeitura refor\u00e7a a orienta\u00e7\u00e3o de que a popula\u00e7\u00e3o deve procurar essas unidades para o primeiro atendimento.<\/p>\n","protected":false},"excerpt":{"rendered":"<p>A Prefeitura de Maric\u00e1 inaugurou o P\u00f3lo de Atendimento exclusivo para coronav\u00edrus na manh\u00e3 desta segunda-feira (13) , em Itaipua\u00e7u,<\/p>\n","protected":false},"author":1,"featured_media":8964,"comment_status":"open","ping_status":"open","sticky":false,"template":"","format":"standard","meta":{"colormag_page_container_layout":"default_layout","colormag_page_sidebar_layout":"default_layout","footnotes":""},"categories":[18],"tags":[],"class_list":["post-8963","post","type-post","status-publish","format-standard","has-post-thumbnail","hentry","category-entretenimento"],"amp_enabled":true,"_links":{"self":[{"href":"https:\/\/maricatotal.com.br\/site\/wp-json\/wp\/v2\/posts\/8963","targetHints":{"allow":["GET"]}}],"collection":[{"href":"https:\/\/maricatotal.com.br\/site\/wp-json\/wp\/v2\/posts"}],"about":[{"href":"https:\/\/maricatotal.com.br\/site\/wp-json\/wp\/v2\/types\/post"}],"author":[{"embeddable":true,"href":"https:\/\/maricatotal.com.br\/site\/wp-json\/wp\/v2\/users\/1"}],"replies":[{"embeddable":true,"href":"https:\/\/maricatotal.com.br\/site\/wp-json\/wp\/v2\/comments?post=8963"}],"version-history":[{"count":0,"href":"https:\/\/maricatotal.com.br\/site\/wp-json\/wp\/v2\/posts\/8963\/revisions"}],"wp:featuredmedia":[{"embeddable":true,"href":"https:\/\/maricatotal.com.br\/site\/wp-json\/wp\/v2\/media\/8964"}],"wp:attachment":[{"href":"https:\/\/maricatotal.com.br\/site\/wp-json\/wp\/v2\/media?parent=8963"}],"wp:term":[{"taxonomy":"category","embeddable":true,"href":"https:\/\/maricatotal.com.br\/site\/wp-json\/wp\/v2\/categories?post=8963"},{"taxonomy":"post_tag","embeddable":true,"href":"https:\/\/maricatotal.com.br\/site\/wp-json\/wp\/v2\/tags?post=8963"}],"curies":[{"name":"wp","href":"https:\/\/api.w.org\/{rel}","templated":true}]}}