{"id":8991,"date":"2020-04-13T18:19:31","date_gmt":"2020-04-13T21:19:31","guid":{"rendered":"http:\/\/maricatotal.com.br\/site\/?p=8991"},"modified":"2020-04-16T23:22:58","modified_gmt":"2020-04-17T02:22:58","slug":"marica-tem-mais-4-casos-confirmados-de-coronavirus","status":"publish","type":"post","link":"https:\/\/maricatotal.com.br\/site\/2020\/04\/13\/marica-tem-mais-4-casos-confirmados-de-coronavirus\/","title":{"rendered":"MARIC\u00c1 TEM MAIS 4 CASOS CONFIRMADOS DE CORONAV\u00cdRUS"},"content":{"rendered":"\n<p> A Secretaria de Estado de Sa\u00fade (SES) confirmou mais 4 casos positivos de coronav\u00edrus em Maric\u00e1 nas \u00faltimas 24h, no in\u00edcio da noite desta segunda-feira (13), no boletim epidemiol\u00f3gico informativo di\u00e1rio.  O munic\u00edpio chega a 24 casos confirmados de Covid-19, sendo 3 \u00f3bitos. <\/p>\n\n\n\n<p>O 19\u00ba caso \u00e9 o de uma mulher de 45 anos, moradora de Ara\u00e7atiba, profissional de sa\u00fade da rede p\u00fablica de Niter\u00f3i. Ela apresentou sintomas no dia 03\/04 e teve seu resultado confirmado no mesmo dia. N\u00e3o tem comorbidades, passa bem e est\u00e1 em isolamento domiciliar, sendo monitorada pela Vigil\u00e2ncia em Sa\u00fade\/Aten\u00e7\u00e3o B\u00e1sica.<\/p>\n\n\n\n<p>O 20\u00ba caso \u00e9 o de uma mulher de 57 anos, moradora de Itaipua\u00e7u, profissional da sa\u00fade da rede p\u00fablica do Rio de Janeiro que apresentou sintomas em 05\/04 e teve seu resultado confirmado SARS-CoV-2 no presente dia. Tamb\u00e9m n\u00e3o apresenta comorbidades, passa bem e est\u00e1 igualmente em isolamento domiciliar, sendo monitorada pela Vigil\u00e2ncia em Sa\u00fade\/Aten\u00e7\u00e3o B\u00e1sica. <\/p>\n\n\n\n<p> J\u00e1 o 21\u00ba caso \u00e9 o de um homem de 51 anos, morador de S\u00e3o Jos\u00e9 de Imbassa\u00ed, profissional da sa\u00fade da rede p\u00fablica de S\u00e3o Gon\u00e7alo e que tamb\u00e9m apresentou sintomas em 05\/04, tendo seu resultado confirmado SARS-CoV-2 no presente dia. N\u00e3o tem comorbidades, passa bem e est\u00e1 em isolamento domiciliar, sendo monitorado pela Vigil\u00e2ncia em Sa\u00fade\/Aten\u00e7\u00e3o B\u00e1sica. <\/p>\n\n\n\n<p>Completando a lista, o 22\u00ba caso \u00e9 o de um homem de 39 anos, morador de Itaipua\u00e7u, profissional da sa\u00fade da rede p\u00fablica de Maric\u00e1 e de Niter\u00f3i, que apresentou sintomas em 25\/04. Desde ent\u00e3o esteve em quarentena, teve seu resultado confirmado SARS-CoV-2 nesta segunda-feira (13\/04). J\u00e1 n\u00e3o apresenta os sintomas, sendo assim considerado um paciente curado clinicamente da Covid-19. <\/p>\n\n\n\n<figure class=\"wp-block-image size-large\"><img loading=\"lazy\" decoding=\"async\" width=\"624\" height=\"1024\" src=\"http:\/\/maricatotal.com.br\/site\/wp-content\/uploads\/2020\/04\/93439112_799611563780169_8008574364343599104_n-624x1024.jpg\" alt=\"\" class=\"wp-image-8993\" srcset=\"https:\/\/maricatotal.com.br\/site\/wp-content\/uploads\/2020\/04\/93439112_799611563780169_8008574364343599104_n-624x1024.jpg 624w, https:\/\/maricatotal.com.br\/site\/wp-content\/uploads\/2020\/04\/93439112_799611563780169_8008574364343599104_n-183x300.jpg 183w, https:\/\/maricatotal.com.br\/site\/wp-content\/uploads\/2020\/04\/93439112_799611563780169_8008574364343599104_n.jpg 750w\" sizes=\"auto, (max-width: 624px) 100vw, 624px\" \/><\/figure>\n\n\n\n<p><\/p>\n","protected":false},"excerpt":{"rendered":"<p>A Secretaria de Estado de Sa\u00fade (SES) confirmou mais 4 casos positivos de coronav\u00edrus em Maric\u00e1 nas \u00faltimas 24h, no<\/p>\n","protected":false},"author":1,"featured_media":8992,"comment_status":"open","ping_status":"open","sticky":false,"template":"","format":"standard","meta":{"colormag_page_container_layout":"default_layout","colormag_page_sidebar_layout":"default_layout","footnotes":""},"categories":[18],"tags":[],"class_list":["post-8991","post","type-post","status-publish","format-standard","has-post-thumbnail","hentry","category-entretenimento"],"amp_enabled":true,"_links":{"self":[{"href":"https:\/\/maricatotal.com.br\/site\/wp-json\/wp\/v2\/posts\/8991","targetHints":{"allow":["GET"]}}],"collection":[{"href":"https:\/\/maricatotal.com.br\/site\/wp-json\/wp\/v2\/posts"}],"about":[{"href":"https:\/\/maricatotal.com.br\/site\/wp-json\/wp\/v2\/types\/post"}],"author":[{"embeddable":true,"href":"https:\/\/maricatotal.com.br\/site\/wp-json\/wp\/v2\/users\/1"}],"replies":[{"embeddable":true,"href":"https:\/\/maricatotal.com.br\/site\/wp-json\/wp\/v2\/comments?post=8991"}],"version-history":[{"count":0,"href":"https:\/\/maricatotal.com.br\/site\/wp-json\/wp\/v2\/posts\/8991\/revisions"}],"wp:featuredmedia":[{"embeddable":true,"href":"https:\/\/maricatotal.com.br\/site\/wp-json\/wp\/v2\/media\/8992"}],"wp:attachment":[{"href":"https:\/\/maricatotal.com.br\/site\/wp-json\/wp\/v2\/media?parent=8991"}],"wp:term":[{"taxonomy":"category","embeddable":true,"href":"https:\/\/maricatotal.com.br\/site\/wp-json\/wp\/v2\/categories?post=8991"},{"taxonomy":"post_tag","embeddable":true,"href":"https:\/\/maricatotal.com.br\/site\/wp-json\/wp\/v2\/tags?post=8991"}],"curies":[{"name":"wp","href":"https:\/\/api.w.org\/{rel}","templated":true}]}}