{"id":9014,"date":"2020-04-13T23:53:58","date_gmt":"2020-04-14T02:53:58","guid":{"rendered":"http:\/\/maricatotal.com.br\/site\/?p=9014"},"modified":"2020-04-16T23:24:02","modified_gmt":"2020-04-17T02:24:02","slug":"fabiano-horta-prorroga-isolamento-social-e-fechamento-do-comercio-ate-o-dia-28-de-abril","status":"publish","type":"post","link":"https:\/\/maricatotal.com.br\/site\/2020\/04\/13\/fabiano-horta-prorroga-isolamento-social-e-fechamento-do-comercio-ate-o-dia-28-de-abril\/","title":{"rendered":"FABIANO HORTA PRORROGA ISOLAMENTO SOCIAL E FECHAMENTO DO COM\u00c9RCIO AT\u00c9 O DIA 28 DE ABRIL"},"content":{"rendered":"\n<p>O prefeito Fabiano Horta prorrogou as medidas de isolamento social e fechamento do com\u00e9rcio e servi\u00e7os at\u00e9 o dia 28 de abril como mais uma medida em combate ao novo coronav\u00edrus. A informa\u00e7\u00e3o foi publicada no Jornal Oficial de Maric\u00e1.<\/p>\n\n\n\n<p>Horta ainda decretou estado de calamidade publica no munic\u00edpio, que chegou a 24 casos confirmados e 3 \u00f3bitos nesta segunda-feira (13).<\/p>\n\n\n\n<p>Mesmo com as medidas tomadas a mais de 20 dias, ruas do Centro de Maric\u00e1 foram vistas cheias. Filas para entrar em bancos est\u00e3o se estendendo por v\u00e1rias ruas, preocupando a todos. <\/p>\n\n\n\n<p>Apenas estabelecimentos ess\u00eancias podem abrir neste momento.<\/p>\n","protected":false},"excerpt":{"rendered":"<p>O prefeito Fabiano Horta prorrogou as medidas de isolamento social e fechamento do com\u00e9rcio e servi\u00e7os at\u00e9 o dia 28<\/p>\n","protected":false},"author":1,"featured_media":9016,"comment_status":"open","ping_status":"open","sticky":false,"template":"","format":"standard","meta":{"colormag_page_container_layout":"default_layout","colormag_page_sidebar_layout":"default_layout","footnotes":""},"categories":[18],"tags":[],"class_list":["post-9014","post","type-post","status-publish","format-standard","has-post-thumbnail","hentry","category-entretenimento"],"amp_enabled":true,"_links":{"self":[{"href":"https:\/\/maricatotal.com.br\/site\/wp-json\/wp\/v2\/posts\/9014","targetHints":{"allow":["GET"]}}],"collection":[{"href":"https:\/\/maricatotal.com.br\/site\/wp-json\/wp\/v2\/posts"}],"about":[{"href":"https:\/\/maricatotal.com.br\/site\/wp-json\/wp\/v2\/types\/post"}],"author":[{"embeddable":true,"href":"https:\/\/maricatotal.com.br\/site\/wp-json\/wp\/v2\/users\/1"}],"replies":[{"embeddable":true,"href":"https:\/\/maricatotal.com.br\/site\/wp-json\/wp\/v2\/comments?post=9014"}],"version-history":[{"count":0,"href":"https:\/\/maricatotal.com.br\/site\/wp-json\/wp\/v2\/posts\/9014\/revisions"}],"wp:featuredmedia":[{"embeddable":true,"href":"https:\/\/maricatotal.com.br\/site\/wp-json\/wp\/v2\/media\/9016"}],"wp:attachment":[{"href":"https:\/\/maricatotal.com.br\/site\/wp-json\/wp\/v2\/media?parent=9014"}],"wp:term":[{"taxonomy":"category","embeddable":true,"href":"https:\/\/maricatotal.com.br\/site\/wp-json\/wp\/v2\/categories?post=9014"},{"taxonomy":"post_tag","embeddable":true,"href":"https:\/\/maricatotal.com.br\/site\/wp-json\/wp\/v2\/tags?post=9014"}],"curies":[{"name":"wp","href":"https:\/\/api.w.org\/{rel}","templated":true}]}}