{"id":9105,"date":"2020-04-16T08:38:11","date_gmt":"2020-04-16T11:38:11","guid":{"rendered":"http:\/\/maricatotal.com.br\/site\/?p=9105"},"modified":"2020-04-16T23:26:14","modified_gmt":"2020-04-17T02:26:14","slug":"secretario-de-saude-do-rio-testa-positivo-para-coronavirus","status":"publish","type":"post","link":"https:\/\/maricatotal.com.br\/site\/2020\/04\/16\/secretario-de-saude-do-rio-testa-positivo-para-coronavirus\/","title":{"rendered":"SECRET\u00c1RIO DE SA\u00daDE DO RIO TESTA POSITIVO PARA CORONAV\u00cdRUS"},"content":{"rendered":"\n<p>O secret\u00e1rio estadual de Sa\u00fade do Rio de Janeiro, Edmar Santos, testou positivo para o coronav\u00edrus. O an\u00fancio foi feito por ele mesmo, na noite desta quarta-feira (15), em sua rede social. Ele resolveu fazer o teste ap\u00f3s o governador, Wilson Witzel, anunciar que est\u00e1 com a doen\u00e7a.<\/p>\n\n\n\n<p>\u201cHoje o meu teste de PCR para o coronav\u00edrus deu positivo, confirmando que eu estou infectado por esse v\u00edrus. Quero tranquilizar a todos de que eu passo muito bem, n\u00e3o tive febre, n\u00e3o estou com tosse, falta de ar, sem nenhum sinal de gravidade da doen\u00e7a\u201d, relatou o secret\u00e1rio, em sua conta no Instagram.<\/p>\n\n\n\n<p>Santos disse que continuar\u00e1 trabalhando, isolado em sua casa, \u00e0 frente da prepara\u00e7\u00e3o \u00e0 pandemia, e pediu que a popula\u00e7\u00e3o continue em isolamento.<\/p>\n\n\n\n<p>\u201cVou seguir firme \u00e0 frente da pasta, de&nbsp;home office, e daqui comandarei com muita tranquilidade. Mas fa\u00e7o um apelo a voc\u00eas da import\u00e2ncia do isolamento social. Temos toda uma prepara\u00e7\u00e3o de leitos, ainda h\u00e1 leitos para pacientes do covid, os hospitais de campanha devem estar prontos para opera\u00e7\u00e3o a partir de 1\u00ba de maio. Mas o que a gente precisa no momento \u00e9 que voc\u00eas fiquem realmente em casa\u201d, disse Edmar.<\/p>\n\n\n\n<p>Segundo o secret\u00e1rio, nenhum sistema de sa\u00fade do mundo tem condi\u00e7\u00f5es de atender a todos, caso a popula\u00e7\u00e3o n\u00e3o fique em isolamento. \u201c\u00c9 uma doen\u00e7a muito grave. Permane\u00e7am em casa, s\u00f3 saindo em situa\u00e7\u00f5es que n\u00e3o tenham jeito, quem tem servi\u00e7os essenciais, ou para fazer compras ou ir na farm\u00e1cia, mas voltando logo para casa\u201d.<\/p>\n\n\n\n<p> (<strong>Ag\u00eancia Brasil<\/strong>)<\/p>\n","protected":false},"excerpt":{"rendered":"<p>O secret\u00e1rio estadual de Sa\u00fade do Rio de Janeiro, Edmar Santos, testou positivo para o coronav\u00edrus. O an\u00fancio foi feito<\/p>\n","protected":false},"author":1,"featured_media":9106,"comment_status":"open","ping_status":"open","sticky":false,"template":"","format":"standard","meta":{"colormag_page_container_layout":"default_layout","colormag_page_sidebar_layout":"default_layout","footnotes":""},"categories":[18],"tags":[],"class_list":["post-9105","post","type-post","status-publish","format-standard","has-post-thumbnail","hentry","category-entretenimento"],"amp_enabled":true,"_links":{"self":[{"href":"https:\/\/maricatotal.com.br\/site\/wp-json\/wp\/v2\/posts\/9105","targetHints":{"allow":["GET"]}}],"collection":[{"href":"https:\/\/maricatotal.com.br\/site\/wp-json\/wp\/v2\/posts"}],"about":[{"href":"https:\/\/maricatotal.com.br\/site\/wp-json\/wp\/v2\/types\/post"}],"author":[{"embeddable":true,"href":"https:\/\/maricatotal.com.br\/site\/wp-json\/wp\/v2\/users\/1"}],"replies":[{"embeddable":true,"href":"https:\/\/maricatotal.com.br\/site\/wp-json\/wp\/v2\/comments?post=9105"}],"version-history":[{"count":0,"href":"https:\/\/maricatotal.com.br\/site\/wp-json\/wp\/v2\/posts\/9105\/revisions"}],"wp:featuredmedia":[{"embeddable":true,"href":"https:\/\/maricatotal.com.br\/site\/wp-json\/wp\/v2\/media\/9106"}],"wp:attachment":[{"href":"https:\/\/maricatotal.com.br\/site\/wp-json\/wp\/v2\/media?parent=9105"}],"wp:term":[{"taxonomy":"category","embeddable":true,"href":"https:\/\/maricatotal.com.br\/site\/wp-json\/wp\/v2\/categories?post=9105"},{"taxonomy":"post_tag","embeddable":true,"href":"https:\/\/maricatotal.com.br\/site\/wp-json\/wp\/v2\/tags?post=9105"}],"curies":[{"name":"wp","href":"https:\/\/api.w.org\/{rel}","templated":true}]}}