{"id":9212,"date":"2020-04-20T13:59:59","date_gmt":"2020-04-20T16:59:59","guid":{"rendered":"http:\/\/maricatotal.com.br\/site\/?p=9212"},"modified":"2020-04-24T17:58:13","modified_gmt":"2020-04-24T20:58:13","slug":"bolsonaro-diz-que-espera-que-essa-seja-a-ultima-semana-de-quarentena","status":"publish","type":"post","link":"https:\/\/maricatotal.com.br\/site\/2020\/04\/20\/bolsonaro-diz-que-espera-que-essa-seja-a-ultima-semana-de-quarentena\/","title":{"rendered":"BOLSONARO DIZ QUE ESPERA QUE ESSA SEJA A \u00daLTIMA  SEMANA DE QUARENTENA"},"content":{"rendered":"\n<p>O presidente Jair Bolsonaro afirmou, nesta segunda-feira (20), que espera o fim da quarentena nesta semana. Bolsonaro voltou a falar das medidas de isolamento adotadas por governadores e prefeitos, dizendo que em alguns estados elas s\u00e3o &#8220;excessivas&#8221; e &#8220;n\u00e3o atingiram seu objetivo&#8221;.<br><br><\/p>\n\n\n\n<p>Na \u00faltima semana, alguns estados prorrogaram as medidas de distanciamento social para o pr\u00f3ximo m\u00eas, como S\u00e3o Paulo, que estendeu as restri\u00e7\u00f5es ao com\u00e9rcio at\u00e9 o dia 10 de maio, e o Distrito Federal, que estuda uma reabertura do com\u00e9rcio a partir do dia 3. Rio de Janeiro e Pernambuco prorrogaram as medidas de isolamento at\u00e9 o dia 30 de abril.<br><br><\/p>\n\n\n\n<p>&#8220;D\u00e1 para recuperar o Brasil ainda. Eu espero que essa seja a \u00faltima semana dessa quarentena, dessa maneira de combater o v\u00edrus, todo mundo em casa. A massa n\u00e3o tem como ficar em casa, porque a geladeira est\u00e1 vazia&#8221;, disse o presidente.<br><br><\/p>\n\n\n\n<p>O presidente voltou a falar que 70% da popula\u00e7\u00e3o ser\u00e1 contaminada pelo v\u00edrus e tamb\u00e9m falou dos efeitos da pandemia na economia do pa\u00eds.<br><br><\/p>\n\n\n\n<p>&#8220;A situa\u00e7\u00e3o econ\u00f4mica do Brasil est\u00e1 se agravando, cada ponto percentual de decrescimento para o Brasil, ou cada ponto percentual de mais desemprego, a consequ\u00eancia \u00e9 a viol\u00eancia, o caos, s\u00e3o mortes, a fome, a desgra\u00e7a, tudo que est\u00e1 a\u00ed&#8221;, afirmou ao deixar o Pal\u00e1cio da Alvorada nesta manh\u00e3.<br><br><\/p>\n\n\n\n<p>Bolsonaro disse que foi contr\u00e1rio a editar o decreto com a previs\u00e3o de multa para quem fosse \u00e0s ruas e contrariasse as orienta\u00e7\u00f5es sanit\u00e1rias. Segundo ele, as pessoas est\u00e3o na rua porque est\u00e3o procurando por trabalho. O presidente disse ser a favor da liberdade de ir e vir e da liberdade de express\u00e3o.<br><br><\/p>\n\n\n\n<p>O presidente tamb\u00e9m citou a demiss\u00e3o do ex-ministro da Sa\u00fade, Luiz Henrique Mandetta, que ao contr\u00e1rio dele, defendia as medidas de distanciamento.<br><br><\/p>\n\n\n\n<p>&#8220;Se tiver que demitir qualquer ministro, demito&#8221;, disse. &#8220;N\u00e3o tem amea\u00e7a da minha parte, mas se ele desviar daquilo que eu prometi durante a pr\u00e9-campanha e a campanha, lamentavelmente, ele est\u00e1 no governo errado, vai para outro barco, vai tentar em 22&#8221;, completou.<a href=\"http:\/\/www.facebook.com\/sharer.php?u=http%3A%2F%2Fmwl.press%2Fosg81122\"><\/a><a href=\"https:\/\/twitter.com\/intent\/tweet?text=Bolsonaro%20diz%20que%20espera%20que%20essa%20seja%20a%20%C3%BAltima%20semana%20de%20quarentena&amp;via=jornalosg&amp;url=http%3A%2F%2Fmwl.press%2Fosg81122\"><\/a><a href=\"https:\/\/www.osaogoncalo.com.br\/Mail\/Share\/?url=http%3A%2F%2Fmwl.press%2Fosg81122&amp;header=Bolsonaro%20diz%20que%20espera%20que%20essa%20seja%20a%20%C3%BAltima%20semana%20de%20quarentena\"><\/a><a href=\"https:\/\/api.whatsapp.com\/send?text=http%3A%2F%2Fmwl.press%2Fosg81122\"><br>\n\n<\/a><\/p>\n","protected":false},"excerpt":{"rendered":"<p>O presidente Jair Bolsonaro afirmou, nesta segunda-feira (20), que espera o fim da quarentena nesta semana. Bolsonaro voltou a falar<\/p>\n","protected":false},"author":1,"featured_media":9213,"comment_status":"open","ping_status":"open","sticky":false,"template":"","format":"standard","meta":{"colormag_page_container_layout":"default_layout","colormag_page_sidebar_layout":"default_layout","footnotes":""},"categories":[17],"tags":[],"class_list":["post-9212","post","type-post","status-publish","format-standard","has-post-thumbnail","hentry","category-politica"],"amp_enabled":true,"_links":{"self":[{"href":"https:\/\/maricatotal.com.br\/site\/wp-json\/wp\/v2\/posts\/9212","targetHints":{"allow":["GET"]}}],"collection":[{"href":"https:\/\/maricatotal.com.br\/site\/wp-json\/wp\/v2\/posts"}],"about":[{"href":"https:\/\/maricatotal.com.br\/site\/wp-json\/wp\/v2\/types\/post"}],"author":[{"embeddable":true,"href":"https:\/\/maricatotal.com.br\/site\/wp-json\/wp\/v2\/users\/1"}],"replies":[{"embeddable":true,"href":"https:\/\/maricatotal.com.br\/site\/wp-json\/wp\/v2\/comments?post=9212"}],"version-history":[{"count":0,"href":"https:\/\/maricatotal.com.br\/site\/wp-json\/wp\/v2\/posts\/9212\/revisions"}],"wp:featuredmedia":[{"embeddable":true,"href":"https:\/\/maricatotal.com.br\/site\/wp-json\/wp\/v2\/media\/9213"}],"wp:attachment":[{"href":"https:\/\/maricatotal.com.br\/site\/wp-json\/wp\/v2\/media?parent=9212"}],"wp:term":[{"taxonomy":"category","embeddable":true,"href":"https:\/\/maricatotal.com.br\/site\/wp-json\/wp\/v2\/categories?post=9212"},{"taxonomy":"post_tag","embeddable":true,"href":"https:\/\/maricatotal.com.br\/site\/wp-json\/wp\/v2\/tags?post=9212"}],"curies":[{"name":"wp","href":"https:\/\/api.w.org\/{rel}","templated":true}]}}