{"id":9310,"date":"2020-04-22T16:26:36","date_gmt":"2020-04-22T19:26:36","guid":{"rendered":"http:\/\/maricatotal.com.br\/site\/?p=9310"},"modified":"2020-04-24T17:57:58","modified_gmt":"2020-04-24T20:57:58","slug":"coronavirus-mesmo-com-quarentena-praia-de-cordeirinho-e-vista-lotada","status":"publish","type":"post","link":"https:\/\/maricatotal.com.br\/site\/2020\/04\/22\/coronavirus-mesmo-com-quarentena-praia-de-cordeirinho-e-vista-lotada\/","title":{"rendered":"CORONAV\u00cdRUS: MESMO COM QUARENTENA, PRAIA DE CORDEIRINHO \u00c9 VISTA LOTADA"},"content":{"rendered":"\n<p>A Praia de Cordeirinho foi vista com grande movimenta\u00e7\u00e3o de pessoas nesta quarta-feira (22), mesmo com o decreto que pro\u00edbe o uso das praias maricaenses at\u00e9 o dia 28 de abril. <\/p>\n\n\n\n<p>Mesmo com a pandemia do novo coronav\u00edrus, que j\u00e1 soma 39 casos confirmados sendo 4 \u00f3bitos, maricaenses e turistas foram a praia para curtir o dia de sol que faz na cidade. <\/p>\n\n\n\n<p>&#8221;A praia est\u00e1 lotada! Coronav\u00edrus? N\u00e3o tem coronav\u00edrus! Essa praia nunca esteve lotada deste jeito. Ningu\u00e9m usando m\u00e1scara&#8221;, afirma uma moradora que flagrou em v\u00eddeo os banhistas.<\/p>\n\n\n\n<p><\/p>\n","protected":false},"excerpt":{"rendered":"<p>A Praia de Cordeirinho foi vista com grande movimenta\u00e7\u00e3o de pessoas nesta quarta-feira (22), mesmo com o decreto que pro\u00edbe<\/p>\n","protected":false},"author":1,"featured_media":9311,"comment_status":"open","ping_status":"open","sticky":false,"template":"","format":"standard","meta":{"colormag_page_container_layout":"default_layout","colormag_page_sidebar_layout":"default_layout","footnotes":""},"categories":[14],"tags":[],"class_list":["post-9310","post","type-post","status-publish","format-standard","has-post-thumbnail","hentry","category-bairros"],"amp_enabled":true,"_links":{"self":[{"href":"https:\/\/maricatotal.com.br\/site\/wp-json\/wp\/v2\/posts\/9310","targetHints":{"allow":["GET"]}}],"collection":[{"href":"https:\/\/maricatotal.com.br\/site\/wp-json\/wp\/v2\/posts"}],"about":[{"href":"https:\/\/maricatotal.com.br\/site\/wp-json\/wp\/v2\/types\/post"}],"author":[{"embeddable":true,"href":"https:\/\/maricatotal.com.br\/site\/wp-json\/wp\/v2\/users\/1"}],"replies":[{"embeddable":true,"href":"https:\/\/maricatotal.com.br\/site\/wp-json\/wp\/v2\/comments?post=9310"}],"version-history":[{"count":0,"href":"https:\/\/maricatotal.com.br\/site\/wp-json\/wp\/v2\/posts\/9310\/revisions"}],"wp:featuredmedia":[{"embeddable":true,"href":"https:\/\/maricatotal.com.br\/site\/wp-json\/wp\/v2\/media\/9311"}],"wp:attachment":[{"href":"https:\/\/maricatotal.com.br\/site\/wp-json\/wp\/v2\/media?parent=9310"}],"wp:term":[{"taxonomy":"category","embeddable":true,"href":"https:\/\/maricatotal.com.br\/site\/wp-json\/wp\/v2\/categories?post=9310"},{"taxonomy":"post_tag","embeddable":true,"href":"https:\/\/maricatotal.com.br\/site\/wp-json\/wp\/v2\/tags?post=9310"}],"curies":[{"name":"wp","href":"https:\/\/api.w.org\/{rel}","templated":true}]}}