{"id":9395,"date":"2020-04-24T18:42:37","date_gmt":"2020-04-24T21:42:37","guid":{"rendered":"http:\/\/maricatotal.com.br\/site\/?p=9395"},"modified":"2020-04-24T18:46:51","modified_gmt":"2020-04-24T21:46:51","slug":"marica-uso-de-mascaras-sera-obrigatorio-a-partir-do-dia-5-de-maio","status":"publish","type":"post","link":"https:\/\/maricatotal.com.br\/site\/2020\/04\/24\/marica-uso-de-mascaras-sera-obrigatorio-a-partir-do-dia-5-de-maio\/","title":{"rendered":"MARIC\u00c1: USO DE M\u00c1SCARAS SER\u00c1 OBRIGAT\u00d3RIO A PARTIR DO DIA 5 DE MAIO"},"content":{"rendered":"\n<p>A Prefeitura de Maric\u00e1 informou que a partir do pr\u00f3ximo dia 5 de maio, o uso de m\u00e1scaras em Maric\u00e1 ser\u00e1 obrigat\u00f3rio. A medida \u00e9 mais uma em fun\u00e7\u00e3o do combate ao novo cornav\u00edrus. <\/p>\n\n\n\n<p>Segundo ainda a Prefeitura, m\u00e1scaras ser\u00e3o distribu\u00eddas gratuitamente nos &#8221;vermelinhos&#8221;, ve\u00edculos da Empresa de Transporte P\u00fablico de Maric\u00e1.<\/p>\n\n\n\n<p>&#8221;Em outro decreto, a Prefeitura estabelecer\u00e1, a partir do pr\u00f3ximo dia 4 de maio, a obrigatoriedade do uso de m\u00e1scaras para circula\u00e7\u00e3o pelas ruas da cidade \u2013 os itens de prote\u00e7\u00e3o foram encomendados \u00e0s cooperativas de costureiras locais e ser\u00e3o distribu\u00eddos \u00e0 popula\u00e7\u00e3o nos \u00f4nibus tarifa zero (\u201cvermelhinhos\u201d) e nas unidades de sa\u00fade.&#8221;<\/p>\n\n\n\n<p>O decreto de uso de m\u00e1scaras j\u00e1 est\u00e1 em vigor em Niter\u00f3i e no Rio de Janeiro. <\/p>\n","protected":false},"excerpt":{"rendered":"<p>A Prefeitura de Maric\u00e1 informou que a partir do pr\u00f3ximo dia 5 de maio, o uso de m\u00e1scaras em Maric\u00e1<\/p>\n","protected":false},"author":1,"featured_media":9396,"comment_status":"open","ping_status":"open","sticky":false,"template":"","format":"standard","meta":{"colormag_page_container_layout":"default_layout","colormag_page_sidebar_layout":"default_layout","footnotes":""},"categories":[18],"tags":[],"class_list":["post-9395","post","type-post","status-publish","format-standard","has-post-thumbnail","hentry","category-entretenimento"],"amp_enabled":true,"_links":{"self":[{"href":"https:\/\/maricatotal.com.br\/site\/wp-json\/wp\/v2\/posts\/9395","targetHints":{"allow":["GET"]}}],"collection":[{"href":"https:\/\/maricatotal.com.br\/site\/wp-json\/wp\/v2\/posts"}],"about":[{"href":"https:\/\/maricatotal.com.br\/site\/wp-json\/wp\/v2\/types\/post"}],"author":[{"embeddable":true,"href":"https:\/\/maricatotal.com.br\/site\/wp-json\/wp\/v2\/users\/1"}],"replies":[{"embeddable":true,"href":"https:\/\/maricatotal.com.br\/site\/wp-json\/wp\/v2\/comments?post=9395"}],"version-history":[{"count":0,"href":"https:\/\/maricatotal.com.br\/site\/wp-json\/wp\/v2\/posts\/9395\/revisions"}],"wp:featuredmedia":[{"embeddable":true,"href":"https:\/\/maricatotal.com.br\/site\/wp-json\/wp\/v2\/media\/9396"}],"wp:attachment":[{"href":"https:\/\/maricatotal.com.br\/site\/wp-json\/wp\/v2\/media?parent=9395"}],"wp:term":[{"taxonomy":"category","embeddable":true,"href":"https:\/\/maricatotal.com.br\/site\/wp-json\/wp\/v2\/categories?post=9395"},{"taxonomy":"post_tag","embeddable":true,"href":"https:\/\/maricatotal.com.br\/site\/wp-json\/wp\/v2\/tags?post=9395"}],"curies":[{"name":"wp","href":"https:\/\/api.w.org\/{rel}","templated":true}]}}