{"id":9398,"date":"2020-04-24T19:00:28","date_gmt":"2020-04-24T22:00:28","guid":{"rendered":"http:\/\/maricatotal.com.br\/site\/?p=9398"},"modified":"2020-04-24T19:02:20","modified_gmt":"2020-04-24T22:02:20","slug":"prefeitura-disponibilizara-mascaras-gratuitamente-nos-vermelinhos-e-unidades-de-saude","status":"publish","type":"post","link":"https:\/\/maricatotal.com.br\/site\/2020\/04\/24\/prefeitura-disponibilizara-mascaras-gratuitamente-nos-vermelinhos-e-unidades-de-saude\/","title":{"rendered":"PREFEITURA DISPONIBILIZAR\u00c1 M\u00c1SCARAS GRATUITAMENTE NOS &#8216;VERMELINHOS&#8217; E UNIDADES DE SA\u00daDE"},"content":{"rendered":"\n<p>A Prefeitura de Maric\u00e1 ir\u00e1 disponibilizar gratuitamente m\u00e1scaras nos &#8221;Vermelinhos&#8221; e nas unidades de sa\u00fade a partir do pr\u00f3ximo dia 5 de maio. A a\u00e7\u00e3o tem a finalidade de combater o novo coronav\u00edrus.  <\/p>\n\n\n\n<p>O uso de m\u00e1scaras ser\u00e1 obrigat\u00f3rio no munic\u00edpio a partir do pr\u00f3ximo m\u00eas, o que j\u00e1 acontece desde a \u00faltima quinta-feira em Niter\u00f3i e no Rio de Janeiro.<\/p>\n\n\n\n<p>&#8221;As m\u00e1scaras de prote\u00e7\u00e3o foram encomendados \u00e0s cooperativas de costureiras locais e ser\u00e3o distribu\u00eddos \u00e0 popula\u00e7\u00e3o nos \u00f4nibus tarifa zero (\u201cvermelhinhos\u201d) e nas unidades de sa\u00fade. A contrata\u00e7\u00e3o das cooperativas de costureiras do munic\u00edpio \u00e9 mais uma a\u00e7\u00e3o do munic\u00edpio, neste per\u00edodo da pandemia do novo coronav\u00edrus, visando movimentar a economia da cidade, atrav\u00e9s dos microempreendedores.&#8221;<\/p>\n\n\n\n<p>A Prefeitura n\u00e3o informou a quantidade de m\u00e1scaras que ser\u00e3o distribu\u00eddas nos locais. A Rodovi\u00e1ria de Maric\u00e1, ponto final dos &#8221;Vermelinhos&#8221;, vem sofrendo grandes aglomera\u00e7\u00f5es de pessoas nos \u00faltimos dias.<\/p>\n\n\n\n<figure class=\"wp-block-image size-large\"><img loading=\"lazy\" decoding=\"async\" width=\"252\" height=\"200\" src=\"http:\/\/maricatotal.com.br\/site\/wp-content\/uploads\/2020\/04\/download-1.jpg\" alt=\"\" class=\"wp-image-9401\"\/><\/figure>\n\n\n\n<p><\/p>\n","protected":false},"excerpt":{"rendered":"<p>A Prefeitura de Maric\u00e1 ir\u00e1 disponibilizar gratuitamente m\u00e1scaras nos &#8221;Vermelinhos&#8221; e nas unidades de sa\u00fade a partir do pr\u00f3ximo dia<\/p>\n","protected":false},"author":1,"featured_media":9402,"comment_status":"open","ping_status":"open","sticky":false,"template":"","format":"standard","meta":{"colormag_page_container_layout":"default_layout","colormag_page_sidebar_layout":"default_layout","footnotes":""},"categories":[18],"tags":[],"class_list":["post-9398","post","type-post","status-publish","format-standard","has-post-thumbnail","hentry","category-entretenimento"],"amp_enabled":true,"_links":{"self":[{"href":"https:\/\/maricatotal.com.br\/site\/wp-json\/wp\/v2\/posts\/9398","targetHints":{"allow":["GET"]}}],"collection":[{"href":"https:\/\/maricatotal.com.br\/site\/wp-json\/wp\/v2\/posts"}],"about":[{"href":"https:\/\/maricatotal.com.br\/site\/wp-json\/wp\/v2\/types\/post"}],"author":[{"embeddable":true,"href":"https:\/\/maricatotal.com.br\/site\/wp-json\/wp\/v2\/users\/1"}],"replies":[{"embeddable":true,"href":"https:\/\/maricatotal.com.br\/site\/wp-json\/wp\/v2\/comments?post=9398"}],"version-history":[{"count":0,"href":"https:\/\/maricatotal.com.br\/site\/wp-json\/wp\/v2\/posts\/9398\/revisions"}],"wp:featuredmedia":[{"embeddable":true,"href":"https:\/\/maricatotal.com.br\/site\/wp-json\/wp\/v2\/media\/9402"}],"wp:attachment":[{"href":"https:\/\/maricatotal.com.br\/site\/wp-json\/wp\/v2\/media?parent=9398"}],"wp:term":[{"taxonomy":"category","embeddable":true,"href":"https:\/\/maricatotal.com.br\/site\/wp-json\/wp\/v2\/categories?post=9398"},{"taxonomy":"post_tag","embeddable":true,"href":"https:\/\/maricatotal.com.br\/site\/wp-json\/wp\/v2\/tags?post=9398"}],"curies":[{"name":"wp","href":"https:\/\/api.w.org\/{rel}","templated":true}]}}