{"id":9405,"date":"2020-04-24T19:39:08","date_gmt":"2020-04-24T22:39:08","guid":{"rendered":"http:\/\/maricatotal.com.br\/site\/?p=9405"},"modified":"2020-04-24T19:39:09","modified_gmt":"2020-04-24T22:39:09","slug":"marica-recebe-vacinas-contra-h1n1-e-inicia-distribuicao-nos-postos-de-saude","status":"publish","type":"post","link":"https:\/\/maricatotal.com.br\/site\/2020\/04\/24\/marica-recebe-vacinas-contra-h1n1-e-inicia-distribuicao-nos-postos-de-saude\/","title":{"rendered":"MARIC\u00c1 RECEBE VACINAS CONTRA H1N1 E INICIA DISTRIBUI\u00c7\u00c3O NOS POSTOS DE SA\u00daDE"},"content":{"rendered":"\n<p>Maric\u00e1 recebeu no final da tarde desta sexta-feira (24\/04) cerca de 2850 doses da vacina contra o v\u00edrus influenza (H1N1) que, segundo a Secretaria de Sa\u00fade, ser\u00e3o distribu\u00eddas pelos postos de sa\u00fade da cidade j\u00e1 nesta segunda-feira (27) para in\u00edcio imediato da segunda fase da campanha de vacina\u00e7\u00e3o contra a gripe promovida pela Prefeitura no munic\u00edpio. Nesta segunda fase, ser\u00e3o imunizados em domic\u00edlio os pacientes acamados e idosos \u2013 os demais ser\u00e3o vacinados nos postos de sa\u00fade.<\/p>\n\n\n\n<p>De acordo com a secret\u00e1ria de Sa\u00fade, Simone Costa, com a chegada desse novo lote ser\u00e1 poss\u00edvel dar continuidade ao cronograma de vacina\u00e7\u00e3o.<\/p>\n\n\n\n<p>\u201c\u00c9 importante que a popula\u00e7\u00e3o entenda que somente com esse lote n\u00e3o conseguiremos vacinar todo mundo devido ao quantitativo de vacinas recebidas. A nossa prioridade nesta segunda fase da campanha s\u00e3o os pacientes cr\u00f4nicos, agentes de seguran\u00e7a e agentes de salvamento. Al\u00e9m disso, continuaremos dando uma aten\u00e7\u00e3o especial os nossos idosos que j\u00e1 somam mais de 20 mil imunizados na cidade\u201d, afirmou Simone Costa.<\/p>\n\n\n\n<p>Referente a quantidade de doses liberadas pelo Estado, Simone afirmou que outros munic\u00edpios tamb\u00e9m est\u00e3o se queixando. \u201cEssa \u00e9 uma quest\u00e3o da qual n\u00e3o temos como intervir, mas seguimos solicitando a libera\u00e7\u00e3o de mais vacinas para Maric\u00e1\u201d, garantiu. <\/p>\n","protected":false},"excerpt":{"rendered":"<p>Maric\u00e1 recebeu no final da tarde desta sexta-feira (24\/04) cerca de 2850 doses da vacina contra o v\u00edrus influenza (H1N1)<\/p>\n","protected":false},"author":1,"featured_media":9406,"comment_status":"open","ping_status":"open","sticky":false,"template":"","format":"standard","meta":{"colormag_page_container_layout":"default_layout","colormag_page_sidebar_layout":"default_layout","footnotes":""},"categories":[14],"tags":[],"class_list":["post-9405","post","type-post","status-publish","format-standard","has-post-thumbnail","hentry","category-bairros"],"amp_enabled":true,"_links":{"self":[{"href":"https:\/\/maricatotal.com.br\/site\/wp-json\/wp\/v2\/posts\/9405","targetHints":{"allow":["GET"]}}],"collection":[{"href":"https:\/\/maricatotal.com.br\/site\/wp-json\/wp\/v2\/posts"}],"about":[{"href":"https:\/\/maricatotal.com.br\/site\/wp-json\/wp\/v2\/types\/post"}],"author":[{"embeddable":true,"href":"https:\/\/maricatotal.com.br\/site\/wp-json\/wp\/v2\/users\/1"}],"replies":[{"embeddable":true,"href":"https:\/\/maricatotal.com.br\/site\/wp-json\/wp\/v2\/comments?post=9405"}],"version-history":[{"count":0,"href":"https:\/\/maricatotal.com.br\/site\/wp-json\/wp\/v2\/posts\/9405\/revisions"}],"wp:featuredmedia":[{"embeddable":true,"href":"https:\/\/maricatotal.com.br\/site\/wp-json\/wp\/v2\/media\/9406"}],"wp:attachment":[{"href":"https:\/\/maricatotal.com.br\/site\/wp-json\/wp\/v2\/media?parent=9405"}],"wp:term":[{"taxonomy":"category","embeddable":true,"href":"https:\/\/maricatotal.com.br\/site\/wp-json\/wp\/v2\/categories?post=9405"},{"taxonomy":"post_tag","embeddable":true,"href":"https:\/\/maricatotal.com.br\/site\/wp-json\/wp\/v2\/tags?post=9405"}],"curies":[{"name":"wp","href":"https:\/\/api.w.org\/{rel}","templated":true}]}}