{"id":946,"date":"2019-05-09T16:52:25","date_gmt":"2019-05-09T19:52:25","guid":{"rendered":"http:\/\/maricatotal.com.br\/site\/?p=946"},"modified":"2019-05-09T16:52:25","modified_gmt":"2019-05-09T19:52:25","slug":"parque-nanci-tera-nova-area-de-convivencia-e-lazer","status":"publish","type":"post","link":"https:\/\/maricatotal.com.br\/site\/2019\/05\/09\/parque-nanci-tera-nova-area-de-convivencia-e-lazer\/","title":{"rendered":"PARQUE NANCI TER\u00c1 NOVA \u00c1REA DE CONVIV\u00caNCIA E LAZER"},"content":{"rendered":"\n<p class=\"wp-block-paragraph\">Mais uma regi\u00e3o de Maric\u00e1 est\u00e1 recebendo uma nova \u00e1rea de conviv\u00eancia e lazer para seus moradores. Desta vez, o bairro contemplado pela Prefeitura foi o Parque Nanci, onde uma \u00e1rea pr\u00f3xima \u00e0 lagoa est\u00e1 sendo urbanizada e vai receber um campo de futebol society e duas quadras, al\u00e9m de aparelhos de gin\u00e1stica ao ar livre, play ground e nova ilumina\u00e7\u00e3o. Um cal\u00e7ad\u00e3o tamb\u00e9m est\u00e1 sendo constru\u00eddo \u00e0s margens da Avenida dos Pombos, no trecho entre as ruas Condor e Canarinhos, onde tamb\u00e9m haver\u00e1 recuos de estacionamento.<\/p>\n\n\n\n<p class=\"wp-block-paragraph\">De acordo com a autarquia de Servi\u00e7os de Obras de Maric\u00e1 (SOMAR), a pr\u00f3pria Avenida dos Pombos, que j\u00e1 recebeu drenagem, ser\u00e1 inteiramente pavimentada ao final da constru\u00e7\u00e3o do espa\u00e7o. Para quem vive nas proximidades, a \u00e1rea j\u00e1 mostra um novo aspecto apenas com as obras.<\/p>\n\n\n\n<p class=\"wp-block-paragraph\">\u201cA \u00e1rea ficava abandonada, a lagoa parecia largada. S\u00f3 essa movimenta\u00e7\u00e3o aqui j\u00e1 deu outra cara, melhor do que era\u201d, constatou a dona de casa Maria Elisa Lannes, de 39 anos, que vive h\u00e1 22 anos no bairro. O vizinho Jos\u00e9 Paulo Nunes de S\u00e1, de 48 anos, acredita que o local vai ficar mais seguro. \u201cCom mais ilumina\u00e7\u00e3o e mais limpeza, vai ficar bem mais agrad\u00e1vel e com mais seguran\u00e7a tamb\u00e9m\u201d, opinou ele que \u00e9 produtor artesanal e se mudou h\u00e1 apenas dois meses.<\/p>\n\n\n\n<p class=\"wp-block-paragraph\">Um dos mais entusiasmados com a nova cara da regi\u00e3o \u00e9 o aposentado Fl\u00e1vio Luiz de Oliveira Santos, que tem 73 anos e vive h\u00e1 dez no Parque Nanci. Andando pelo bairro com sua inconfund\u00edvel bicicleta, ele exalta a disposi\u00e7\u00e3o que a Prefeitura demonstrou em melhorar a regi\u00e3o. \u201cMuita gente passou por aqui prometendo e n\u00e3o fez nada, mas esse governo veio e est\u00e1 transformando nosso bairro. Fico impressionado com a forma como a cidade vem mudando, \u00e9 bom ver isso\u201d, avaliou o morador.<\/p>\n","protected":false},"excerpt":{"rendered":"<p>Mais uma regi\u00e3o de Maric\u00e1 est\u00e1 recebendo uma nova \u00e1rea de conviv\u00eancia e lazer para seus moradores. Desta vez, o<\/p>\n","protected":false},"author":1,"featured_media":947,"comment_status":"closed","ping_status":"closed","sticky":false,"template":"","format":"standard","meta":{"colormag_page_container_layout":"default_layout","colormag_page_sidebar_layout":"default_layout","footnotes":""},"categories":[14],"tags":[],"class_list":["post-946","post","type-post","status-publish","format-standard","has-post-thumbnail","hentry","category-bairros"],"amp_enabled":true,"_links":{"self":[{"href":"https:\/\/maricatotal.com.br\/site\/wp-json\/wp\/v2\/posts\/946","targetHints":{"allow":["GET"]}}],"collection":[{"href":"https:\/\/maricatotal.com.br\/site\/wp-json\/wp\/v2\/posts"}],"about":[{"href":"https:\/\/maricatotal.com.br\/site\/wp-json\/wp\/v2\/types\/post"}],"author":[{"embeddable":true,"href":"https:\/\/maricatotal.com.br\/site\/wp-json\/wp\/v2\/users\/1"}],"replies":[{"embeddable":true,"href":"https:\/\/maricatotal.com.br\/site\/wp-json\/wp\/v2\/comments?post=946"}],"version-history":[{"count":0,"href":"https:\/\/maricatotal.com.br\/site\/wp-json\/wp\/v2\/posts\/946\/revisions"}],"wp:featuredmedia":[{"embeddable":true,"href":"https:\/\/maricatotal.com.br\/site\/wp-json\/wp\/v2\/media\/947"}],"wp:attachment":[{"href":"https:\/\/maricatotal.com.br\/site\/wp-json\/wp\/v2\/media?parent=946"}],"wp:term":[{"taxonomy":"category","embeddable":true,"href":"https:\/\/maricatotal.com.br\/site\/wp-json\/wp\/v2\/categories?post=946"},{"taxonomy":"post_tag","embeddable":true,"href":"https:\/\/maricatotal.com.br\/site\/wp-json\/wp\/v2\/tags?post=946"}],"curies":[{"name":"wp","href":"https:\/\/api.w.org\/{rel}","templated":true}]}}