{"id":9485,"date":"2020-04-27T19:25:46","date_gmt":"2020-04-27T22:25:46","guid":{"rendered":"http:\/\/maricatotal.com.br\/site\/?p=9485"},"modified":"2020-04-30T07:21:20","modified_gmt":"2020-04-30T10:21:20","slug":"hospital-municipal-dr-ernesto-che-guevara-sera-inaugurado-sexta-feira-1","status":"publish","type":"post","link":"https:\/\/maricatotal.com.br\/site\/2020\/04\/27\/hospital-municipal-dr-ernesto-che-guevara-sera-inaugurado-sexta-feira-1\/","title":{"rendered":"HOSPITAL MUNICIPAL DR. ERNESTO CHE GUEVARA SER\u00c1 INAUGURADO SEXTA-FEIRA (1)"},"content":{"rendered":"\n<p>O prefeito Fabiano Horta (PT) anunciou que o Hospital Municipal Dr. Ernesto Che Guevara ser\u00e1 inaugurado na pr\u00f3xima sexta-feira (1). A unidade ir\u00e1 funcionar inicialmente com 25 leitos.<\/p>\n\n\n\n<p>A nova unidade de sa\u00fade abrir\u00e1 emergencialmente com equipamentos de \u00faltima gera\u00e7\u00e3o, com a finalidade de enfrentar a pandemia do novo coronav\u00edrus. <\/p>\n\n\n\n<p>O Hospital Municipal Dr. Ernesto Che Guevara tem capacidade para 137 leitos, divididos entre as enfermarias cl\u00ednicas, de urg\u00eancia e emerg\u00eancia, infantis, adultas (masculinas e femininas) e de idosos (masculinas e femininas); CTI&#8217;s adultas e pedi\u00e1tricas; isolamentos dos CTIs; leitos de inala\u00e7\u00e3o; leitos de interna\u00e7\u00e3o; observa\u00e7\u00e3o e politrauma.<\/p>\n\n\n\n<p>At\u00e9 o \u00faltimo boletim divulgado pela Secretaria Municipal de Sa\u00fade, Maric\u00e1 conta com 54 casos confirmados, 72 casos suspeitos, 92 casos descartados, 24 curados e 07 \u00f3bitos.<\/p>\n\n\n\n<figure class=\"wp-block-image size-large\"><img loading=\"lazy\" decoding=\"async\" width=\"960\" height=\"960\" src=\"http:\/\/maricatotal.com.br\/site\/wp-content\/uploads\/2020\/04\/95015340_1809069942569255_596703126442999808_n.jpg\" alt=\"\" class=\"wp-image-9492\" srcset=\"https:\/\/maricatotal.com.br\/site\/wp-content\/uploads\/2020\/04\/95015340_1809069942569255_596703126442999808_n.jpg 960w, https:\/\/maricatotal.com.br\/site\/wp-content\/uploads\/2020\/04\/95015340_1809069942569255_596703126442999808_n-300x300.jpg 300w, https:\/\/maricatotal.com.br\/site\/wp-content\/uploads\/2020\/04\/95015340_1809069942569255_596703126442999808_n-150x150.jpg 150w, https:\/\/maricatotal.com.br\/site\/wp-content\/uploads\/2020\/04\/95015340_1809069942569255_596703126442999808_n-768x768.jpg 768w, https:\/\/maricatotal.com.br\/site\/wp-content\/uploads\/2020\/04\/95015340_1809069942569255_596703126442999808_n-400x400.jpg 400w, https:\/\/maricatotal.com.br\/site\/wp-content\/uploads\/2020\/04\/95015340_1809069942569255_596703126442999808_n-500x500.jpg 500w\" sizes=\"auto, (max-width: 960px) 100vw, 960px\" \/><\/figure>\n\n\n\n<p><\/p>\n","protected":false},"excerpt":{"rendered":"<p>O prefeito Fabiano Horta (PT) anunciou que o Hospital Municipal Dr. Ernesto Che Guevara ser\u00e1 inaugurado na pr\u00f3xima sexta-feira (1).<\/p>\n","protected":false},"author":1,"featured_media":9489,"comment_status":"open","ping_status":"open","sticky":false,"template":"","format":"standard","meta":{"colormag_page_container_layout":"default_layout","colormag_page_sidebar_layout":"default_layout","footnotes":""},"categories":[14,18,17],"tags":[],"class_list":["post-9485","post","type-post","status-publish","format-standard","has-post-thumbnail","hentry","category-bairros","category-entretenimento","category-politica"],"amp_enabled":true,"_links":{"self":[{"href":"https:\/\/maricatotal.com.br\/site\/wp-json\/wp\/v2\/posts\/9485","targetHints":{"allow":["GET"]}}],"collection":[{"href":"https:\/\/maricatotal.com.br\/site\/wp-json\/wp\/v2\/posts"}],"about":[{"href":"https:\/\/maricatotal.com.br\/site\/wp-json\/wp\/v2\/types\/post"}],"author":[{"embeddable":true,"href":"https:\/\/maricatotal.com.br\/site\/wp-json\/wp\/v2\/users\/1"}],"replies":[{"embeddable":true,"href":"https:\/\/maricatotal.com.br\/site\/wp-json\/wp\/v2\/comments?post=9485"}],"version-history":[{"count":0,"href":"https:\/\/maricatotal.com.br\/site\/wp-json\/wp\/v2\/posts\/9485\/revisions"}],"wp:featuredmedia":[{"embeddable":true,"href":"https:\/\/maricatotal.com.br\/site\/wp-json\/wp\/v2\/media\/9489"}],"wp:attachment":[{"href":"https:\/\/maricatotal.com.br\/site\/wp-json\/wp\/v2\/media?parent=9485"}],"wp:term":[{"taxonomy":"category","embeddable":true,"href":"https:\/\/maricatotal.com.br\/site\/wp-json\/wp\/v2\/categories?post=9485"},{"taxonomy":"post_tag","embeddable":true,"href":"https:\/\/maricatotal.com.br\/site\/wp-json\/wp\/v2\/tags?post=9485"}],"curies":[{"name":"wp","href":"https:\/\/api.w.org\/{rel}","templated":true}]}}