{"id":9525,"date":"2020-04-28T08:08:15","date_gmt":"2020-04-28T11:08:15","guid":{"rendered":"http:\/\/maricatotal.com.br\/site\/?p=9525"},"modified":"2020-04-30T07:23:06","modified_gmt":"2020-04-30T10:23:06","slug":"prefeitura-de-niteroi-prorroga-restricao-de-circulacao-com-municipios-vizinhos-ate-20-de-maio","status":"publish","type":"post","link":"https:\/\/maricatotal.com.br\/site\/2020\/04\/28\/prefeitura-de-niteroi-prorroga-restricao-de-circulacao-com-municipios-vizinhos-ate-20-de-maio\/","title":{"rendered":"PREFEITURA DE NITER\u00d3I PRORROGA RESTRI\u00c7\u00c3O DE CIRCULA\u00c7\u00c3O COM MUNIC\u00cdPIOS VIZINHOS AT\u00c9 20 DE MAIO"},"content":{"rendered":"\n<p>A Prefeitura de Niter\u00f3i vai prorrogar a restri\u00e7\u00e3o da circula\u00e7\u00e3o com munic\u00edpios vizinhos at\u00e9 o dia 20 de maio.&nbsp; S\u00f3 poder\u00e3o entrar em Niter\u00f3i pessoas que trabalham no munic\u00edpio em atividades essenciais na cidade. O an\u00fancio foi feito pelo prefeito Rodrigo Neves em pronunciamento nas redes sociais da Prefeitura nesta segunda-feira (27). A a\u00e7\u00e3o come\u00e7ou dia 23 de abril nas principais entradas da cidade.<\/p>\n\n\n\n<p>O prefeito destacou que a medida \u00e9 necess\u00e1ria para estimular os moradores de cidades lim\u00edtrofes a seguirem a recomenda\u00e7\u00e3o das autoridades locais e cumprirem o isolamento social, contribuindo para o achatamento da curva de casos de coronav\u00edrus no Estado.<\/p>\n\n\n\n<p>&#8220;O Estado do Rio chegou hoje ao n\u00famero de quase oito mil casos confirmados de Covid-19, com um crescimento expressivo de casos confirmados e, por isso, optamos por prorrogar a restri\u00e7\u00e3o de circula\u00e7\u00e3o. Pe\u00e7o aos meus amigos moradores da cidade do Rio, de Maric\u00e1 e S\u00e3o Gon\u00e7alo que acolham as recomenda\u00e7\u00f5es das autoridades de sa\u00fade e de seus prefeitos. Fazer o isolamento social \u00e9 um ato de amor aos nossos pais e nossos av\u00f3s&#8221;.<\/p>\n\n\n\n<p>O secret\u00e1rio municipal de Urbanismo e Mobilidade, Renato Barandier, ressaltou a grande quantidade de moradores de outros munic\u00edpios que circulam em Niter\u00f3i nos dias normais ao explicar a decis\u00e3o de manter o controle nos acessos \u00e0 cidade.<\/p>\n\n\n\n<p>&#8220;Niter\u00f3i possui a segunda maior liga\u00e7\u00e3o intermunicipal do Brasil. Temos uma popula\u00e7\u00e3o de cerca de 500 mil habitantes e recebemos, diariamente, mais de 250 mil pessoas de munic\u00edpios vizinhos. Isso representa quase 50% da popula\u00e7\u00e3o da cidade. Por isso, como forma de ajudar a mantermos o padr\u00e3o de crescimento dos casos na cidade, optamos pela prorroga\u00e7\u00e3o das medidas de restri\u00e7\u00e3o de circula\u00e7\u00e3o&#8221;, explicou o secret\u00e1rio.<\/p>\n\n\n\n<p><strong>Centro de refer\u00eancia de quarentena &#8211;<\/strong>&nbsp;Durante o v\u00eddeo ao vivo nas redes sociais da Prefeitura, Rodrigo Neves anunciou que, a partir desta ter\u00e7a-feira (28), entra em funcionamento o primeiro centro de refer\u00eancia de quarentena em Niter\u00f3i. O prefeito enfatizou que esta \u00e9 mais uma a\u00e7\u00e3o no combate ao avan\u00e7o do novo coronav\u00edrus, que ser\u00e1 somada \u00e0 sanitiza\u00e7\u00e3o das comunidades e ruas da cidade, \u00e0 distribui\u00e7\u00e3o gratuita de m\u00e1scaras e \u00e0 entrega de 80 mil kits de higiene e limpeza, que dever\u00e1 ser conclu\u00edda nesta quinta-feira.<\/p>\n\n\n\n<p>\u201cDiferentemente do que est\u00e1 acontecendo no Rio e na Regi\u00e3o Metropolitana, em Niter\u00f3i ainda n\u00e3o tivemos \u00f3bitos em comunidades e registramos poucos casos confirmados nessas \u00e1reas mais adensadas. Isso \u00e9 o reflexo dessas medidas, da conscientiza\u00e7\u00e3o sobre o isolamento social e, tamb\u00e9m, do uso das m\u00e1scaras que estamos distribuindo\u201d, disse.<\/p>\n\n\n\n<p>O prefeito destacou, ainda, que o centro de refer\u00eancia de quarentena, que funcionar\u00e1 em um Ciep que j\u00e1 havia sido completamente reformado pelo Munic\u00edpio, ser\u00e1 adaptado para receber as pessoas que moram em comunidades e n\u00e3o t\u00eam condi\u00e7\u00f5es de cumprir o isolamento social sem colocar em risco pessoas que moram na mesma casa. A unidade contar\u00e1 com enfermeiros, psic\u00f3logos, nutricionistas entre outros profissionais.<\/p>\n\n\n\n<p>\u201cCom estes espa\u00e7os adaptados e junto \u00e0 testagem massiva, vamos identificar nas comunidades e regi\u00f5es mais adensadas pessoas com sintomas mais leves. Aquelas com resultado positivo para Covid-19, ser\u00e3o recomendadas ao isolamento. No entanto, muitas das vezes, essas pessoas, diferentemente da classe m\u00e9dia e m\u00e9dia alta, n\u00e3o ter\u00e3o como cumprir o isolamento em suas casas dentro das comunidades, ent\u00e3o ser\u00e3o levadas para o centro de quarentena, para fazerem o isolamento com seguran\u00e7a. Ap\u00f3s um per\u00edodo de 14 dias, elas poder\u00e3o retornar para as suas casas e suas fam\u00edlias, sem risco\u201d, explicou. &nbsp;&nbsp;&nbsp;&nbsp;&nbsp;&nbsp;&nbsp;&nbsp;&nbsp;&nbsp;&nbsp;&nbsp;<\/p>\n\n\n\n<p><strong>Boletim \u2013<\/strong>&nbsp;Niter\u00f3i chegou, nesta segunda-feira (27), a 278 casos confirmados, com 103 pessoas em isolamento domiciliar, acompanhados pela Secretaria Municipal de Sa\u00fade. Houve hoje o registro do 20\u00ba \u00f3bito. H\u00e1 50 pacientes com a Covic-19 internados em hospitais. A cidade contabiliza 105 pacientes recuperados do novo coronav\u00edrus em Niter\u00f3i.<\/p>\n\n\n\n<p>Os bairros com mais casos confirmados em Niter\u00f3i s\u00e3o Icara\u00ed, com 94, Fonseca (24), Santa Rosa (22), Barreto (16), Centro (14), Engenhoca (12), S\u00e3o Francisco (12), Itaipu (10), Ing\u00e1 (9) e Charitas, Piratininga e Camboinhas, com sete casos cada.<\/p>\n\n\n\n<p><strong>A\u00e7\u00f5es de aux\u00edlio econ\u00f4mico&nbsp;&#8211;<\/strong>&nbsp;Rodrigo Neves aproveitou tamb\u00e9m para falar sobre as iniciativas da Prefeitura de Niter\u00f3i para apoiar as micro e pequenas empresas da cidade. O primeiro \u00e9 o Fundo de Cr\u00e9dito Niter\u00f3i Supera, que oferecer\u00e1 empr\u00e9stimo para capital de giro para micro, pequenas empresas e profissionais liberais com juros pagos pela Prefeitura, seis meses de car\u00eancia e pagamento em at\u00e9 36 vezes. O segundo \u00e9 o Programa Empresa Cidad\u00e3, em que o governo municipal vai arcar, por tr\u00eas meses, com o pagamento de um sal\u00e1rio m\u00ednimo para at\u00e9 nove funcion\u00e1rios de empresas de Niter\u00f3i com at\u00e9 19 funcion\u00e1rios.<br><br>&#8220;Niter\u00f3i \u00e9 a \u00fanica cidade do Brasil que estruturou um plano de apoio ao empresariado, ao com\u00e9rcio da cidade. Vamos auxiliar de 8 a 10 mil empresas para que a nossa atividade econ\u00f4mica fique de p\u00e9 durante esse per\u00edodo de pandemia&#8221;, afirmou o prefeito.<\/p>\n\n\n\n<p>Rodrigo Neves lembrou ainda que cerca de 7 mil microempreendedores individuais da cidade receberam o cr\u00e9dito da parcela do aux\u00edlio de R$ 500 em seus cart\u00f5es no \u00faltimo dia 22. E que, no dia 29, os taxistas, motoristas de vans escolares e auxiliares que se inscreveram no programa Taxista Amigo receber\u00e3o em suas contas o primeiro dep\u00f3sito de R$ 500.<\/p>\n\n\n\n<p>O secret\u00e1rio municipal de Planejamento, Or\u00e7amento e Moderniza\u00e7\u00e3o da Gest\u00e3o, Axel Grael, ressaltou que cerca de 50 mil fam\u00edlias est\u00e3o sendo beneficiadas com programas sociais do Munic\u00edpio como o Renda B\u00e1sica Tempor\u00e1ria e o Busca Ativa.<\/p>\n\n\n\n<p>\u201cConseguimos a amplia\u00e7\u00e3o do programa Renda B\u00e1sica Tempor\u00e1ria para as fam\u00edlias de alunos da rede municipal de ensino que n\u00e3o est\u00e3o inscritas no Cad\u00danico. A distribui\u00e7\u00e3o dos cart\u00f5es pr\u00e9-pagos para essas pessoas ser\u00e1 realizada no per\u00edodo de 11 a 15 de maio. Iniciamos o planejamento de como se dar\u00e1 essa distribui\u00e7\u00e3o e, em breve, anunciaremos. Estamos fazendo todo o esfor\u00e7o para que a entrega ocorra como foi nas \u00faltimas semanas com as fam\u00edlias inscritas no Cad\u00danico e tamb\u00e9m no Busca Ativa, sem filas e sem aglomera\u00e7\u00e3o, com tudo organizado\u201d, disse Axel Grael.<\/p>\n","protected":false},"excerpt":{"rendered":"<p>A Prefeitura de Niter\u00f3i vai prorrogar a restri\u00e7\u00e3o da circula\u00e7\u00e3o com munic\u00edpios vizinhos at\u00e9 o dia 20 de maio.&nbsp; S\u00f3<\/p>\n","protected":false},"author":1,"featured_media":9526,"comment_status":"open","ping_status":"open","sticky":false,"template":"","format":"standard","meta":{"colormag_page_container_layout":"default_layout","colormag_page_sidebar_layout":"default_layout","footnotes":""},"categories":[1],"tags":[],"class_list":["post-9525","post","type-post","status-publish","format-standard","has-post-thumbnail","hentry","category-noticias"],"amp_enabled":true,"_links":{"self":[{"href":"https:\/\/maricatotal.com.br\/site\/wp-json\/wp\/v2\/posts\/9525","targetHints":{"allow":["GET"]}}],"collection":[{"href":"https:\/\/maricatotal.com.br\/site\/wp-json\/wp\/v2\/posts"}],"about":[{"href":"https:\/\/maricatotal.com.br\/site\/wp-json\/wp\/v2\/types\/post"}],"author":[{"embeddable":true,"href":"https:\/\/maricatotal.com.br\/site\/wp-json\/wp\/v2\/users\/1"}],"replies":[{"embeddable":true,"href":"https:\/\/maricatotal.com.br\/site\/wp-json\/wp\/v2\/comments?post=9525"}],"version-history":[{"count":0,"href":"https:\/\/maricatotal.com.br\/site\/wp-json\/wp\/v2\/posts\/9525\/revisions"}],"wp:featuredmedia":[{"embeddable":true,"href":"https:\/\/maricatotal.com.br\/site\/wp-json\/wp\/v2\/media\/9526"}],"wp:attachment":[{"href":"https:\/\/maricatotal.com.br\/site\/wp-json\/wp\/v2\/media?parent=9525"}],"wp:term":[{"taxonomy":"category","embeddable":true,"href":"https:\/\/maricatotal.com.br\/site\/wp-json\/wp\/v2\/categories?post=9525"},{"taxonomy":"post_tag","embeddable":true,"href":"https:\/\/maricatotal.com.br\/site\/wp-json\/wp\/v2\/tags?post=9525"}],"curies":[{"name":"wp","href":"https:\/\/api.w.org\/{rel}","templated":true}]}}