{"id":9555,"date":"2020-04-28T19:13:36","date_gmt":"2020-04-28T22:13:36","guid":{"rendered":"http:\/\/maricatotal.com.br\/site\/?p=9555"},"modified":"2020-04-30T07:23:06","modified_gmt":"2020-04-30T10:23:06","slug":"entenda-como-sera-o-uso-de-mascaras-em-marica","status":"publish","type":"post","link":"https:\/\/maricatotal.com.br\/site\/2020\/04\/28\/entenda-como-sera-o-uso-de-mascaras-em-marica\/","title":{"rendered":"ENTENDA COMO SER\u00c1 O USO DE M\u00c1SCARAS EM MARIC\u00c1"},"content":{"rendered":"\n<p>A partir da pr\u00f3xima segunda-feira (04\/05), o uso de m\u00e1scaras de prote\u00e7\u00e3o ser\u00e1 obrigat\u00f3rio em todo o munic\u00edpio, de acordo com decreto do prefeito Fabiano Horta publicado no Jornal Oficial do Munic\u00edpio (JOM) na segunda-feira (27\/04). Pelo texto, o uso da prote\u00e7\u00e3o ser\u00e1 exigido quando houver necessidade de contato com outras pessoas, deslocamento em vias p\u00fablicas, ao fazer compras ou nas demais atividades que interrompam o isolamento social.<\/p>\n\n\n\n<p>\u00c9 importante ressaltar que a obrigatoriedade do uso da m\u00e1scara n\u00e3o anula as demais medidas de prote\u00e7\u00e3o, como as determina\u00e7\u00f5es para permanecer em casa e evitar aglomera\u00e7\u00f5es. As m\u00e1scaras podem ser compradas ou adquiridas livremente, desde que estejam em conformidade com as recomenda\u00e7\u00f5es do Minist\u00e9rio da Sa\u00fade, como estar ajustada \u00e0 face, n\u00e3o compartilhar (a m\u00e1scara \u00e9 individual) e ap\u00f3s o uso&nbsp;acondicionar em local limpo e seco, entre outras medidas.<\/p>\n\n\n\n<p>O uso das m\u00e1scaras tamb\u00e9m \u00e9 obrigat\u00f3rio no interior de locais p\u00fablicos ou privados e no transporte individual ou coletivo \u2013 s\u00f3 ser\u00e1 poss\u00edvel embarcar num \u00f4nibus se estiver usando o equipamento. Nos estabelecimentos comerciais autorizados a funcionar durante a pandemia de Covid-19 tamb\u00e9m ser\u00e1 exigido que todos os funcion\u00e1rios utilizem m\u00e1scaras, e o acesso a esses locais s\u00f3 ser\u00e1 permitido \u00e0s pessoas que estiverem cumprindo a regra.<\/p>\n\n\n\n<p>O decreto prev\u00ea puni\u00e7\u00f5es a quem descumprir o decreto, conforme os artigos 268 (infra\u00e7\u00e3o de medida de natureza sanit\u00e1ria) e 330 (desobedi\u00eancia) do C\u00f3digo Penal, com penas de pris\u00e3o e multa. A fiscaliza\u00e7\u00e3o ficar\u00e1 a cargo da Guarda Municipal. Segundo o secret\u00e1rio de Ordem P\u00fablica e Gest\u00e3o de Gabinete Institucional, J\u00falio Cesar Veras, os homens da GM v\u00e3o atuar principalmente na orienta\u00e7\u00e3o da popula\u00e7\u00e3o, com aten\u00e7\u00e3o especial \u00e0 observ\u00e2ncia da nova regra nos estabelecimentos, que podem sofrer san\u00e7\u00f5es que v\u00e3o de advert\u00eancia ao respons\u00e1vel pelo local at\u00e9 a cassa\u00e7\u00e3o do alvar\u00e1 de funcionamento.<\/p>\n\n\n\n<p>\u201c\u00c9 tamb\u00e9m obriga\u00e7\u00e3o da ger\u00eancia de cada estabelecimento fiscalizar o uso das m\u00e1scaras por seus funcion\u00e1rios e pelas pessoas que acessarem esses locais. Se for necess\u00e1rio, agentes da GM, da Fiscaliza\u00e7\u00e3o de Posturas do munic\u00edpio ou do Procon atuar\u00e3o para fazer cumprir a regra\u201d, explicou o secret\u00e1rio.<\/p>\n","protected":false},"excerpt":{"rendered":"<p>A partir da pr\u00f3xima segunda-feira (04\/05), o uso de m\u00e1scaras de prote\u00e7\u00e3o ser\u00e1 obrigat\u00f3rio em todo o munic\u00edpio, de acordo<\/p>\n","protected":false},"author":1,"featured_media":9556,"comment_status":"open","ping_status":"open","sticky":false,"template":"","format":"standard","meta":{"colormag_page_container_layout":"default_layout","colormag_page_sidebar_layout":"default_layout","footnotes":""},"categories":[18],"tags":[],"class_list":["post-9555","post","type-post","status-publish","format-standard","has-post-thumbnail","hentry","category-entretenimento"],"amp_enabled":true,"_links":{"self":[{"href":"https:\/\/maricatotal.com.br\/site\/wp-json\/wp\/v2\/posts\/9555","targetHints":{"allow":["GET"]}}],"collection":[{"href":"https:\/\/maricatotal.com.br\/site\/wp-json\/wp\/v2\/posts"}],"about":[{"href":"https:\/\/maricatotal.com.br\/site\/wp-json\/wp\/v2\/types\/post"}],"author":[{"embeddable":true,"href":"https:\/\/maricatotal.com.br\/site\/wp-json\/wp\/v2\/users\/1"}],"replies":[{"embeddable":true,"href":"https:\/\/maricatotal.com.br\/site\/wp-json\/wp\/v2\/comments?post=9555"}],"version-history":[{"count":0,"href":"https:\/\/maricatotal.com.br\/site\/wp-json\/wp\/v2\/posts\/9555\/revisions"}],"wp:featuredmedia":[{"embeddable":true,"href":"https:\/\/maricatotal.com.br\/site\/wp-json\/wp\/v2\/media\/9556"}],"wp:attachment":[{"href":"https:\/\/maricatotal.com.br\/site\/wp-json\/wp\/v2\/media?parent=9555"}],"wp:term":[{"taxonomy":"category","embeddable":true,"href":"https:\/\/maricatotal.com.br\/site\/wp-json\/wp\/v2\/categories?post=9555"},{"taxonomy":"post_tag","embeddable":true,"href":"https:\/\/maricatotal.com.br\/site\/wp-json\/wp\/v2\/tags?post=9555"}],"curies":[{"name":"wp","href":"https:\/\/api.w.org\/{rel}","templated":true}]}}