{"id":9570,"date":"2020-04-29T09:33:27","date_gmt":"2020-04-29T12:33:27","guid":{"rendered":"http:\/\/maricatotal.com.br\/site\/?p=9570"},"modified":"2020-04-30T07:23:41","modified_gmt":"2020-04-30T10:23:41","slug":"mascaras-em-marica-quem-descumprir-o-decreto-podera-ser-preso-ou-multado","status":"publish","type":"post","link":"https:\/\/maricatotal.com.br\/site\/2020\/04\/29\/mascaras-em-marica-quem-descumprir-o-decreto-podera-ser-preso-ou-multado\/","title":{"rendered":"M\u00c1SCARAS EM MARIC\u00c1: QUEM DESCUMPRIR O DECRETO PODER\u00c1 SER PRESO OU MULTADO"},"content":{"rendered":"\n<p>A partir da pr\u00f3xima segunda-feira (4), o uso de m\u00e1scaras ser\u00e1 obrigat\u00f3rio em todo munic\u00edpio de Maric\u00e1. Quem descumprir o decreto poder\u00e1 sofrer puni\u00e7\u00f5es como multa ou pris\u00e3o.<\/p>\n\n\n\n<p>A nova medida quem tem a finalidade de combater a pandemia do novo coronav\u00edrus, foi anunciada pelo prefeito Fabiano Horta e publicada no Jornal Oficial do Munic\u00edpio (JOM).<\/p>\n\n\n\n<p>O decreto prev\u00ea puni\u00e7\u00f5es a quem descumprir o decreto, conforme os artigos 268 (infra\u00e7\u00e3o de medida de natureza sanit\u00e1ria) e 330 (desobedi\u00eancia) do C\u00f3digo Penal, com penas de pris\u00e3o e multa. A fiscaliza\u00e7\u00e3o ficar\u00e1 a cargo da Guarda Municipal. Segundo o secret\u00e1rio de Ordem P\u00fablica e Gest\u00e3o de Gabinete Institucional, J\u00falio Cesar Veras, os homens da GM v\u00e3o atuar principalmente na orienta\u00e7\u00e3o da popula\u00e7\u00e3o, com aten\u00e7\u00e3o especial \u00e0 observ\u00e2ncia da nova regra nos estabelecimentos, que podem sofrer san\u00e7\u00f5es que v\u00e3o de advert\u00eancia ao respons\u00e1vel pelo local at\u00e9 a cassa\u00e7\u00e3o do alvar\u00e1 de funcionamento.<\/p>\n","protected":false},"excerpt":{"rendered":"<p>A partir da pr\u00f3xima segunda-feira (4), o uso de m\u00e1scaras ser\u00e1 obrigat\u00f3rio em todo munic\u00edpio de Maric\u00e1. Quem descumprir o<\/p>\n","protected":false},"author":1,"featured_media":9566,"comment_status":"open","ping_status":"open","sticky":false,"template":"","format":"standard","meta":{"colormag_page_container_layout":"default_layout","colormag_page_sidebar_layout":"default_layout","footnotes":""},"categories":[18,1,17],"tags":[],"class_list":["post-9570","post","type-post","status-publish","format-standard","has-post-thumbnail","hentry","category-entretenimento","category-noticias","category-politica"],"amp_enabled":true,"_links":{"self":[{"href":"https:\/\/maricatotal.com.br\/site\/wp-json\/wp\/v2\/posts\/9570","targetHints":{"allow":["GET"]}}],"collection":[{"href":"https:\/\/maricatotal.com.br\/site\/wp-json\/wp\/v2\/posts"}],"about":[{"href":"https:\/\/maricatotal.com.br\/site\/wp-json\/wp\/v2\/types\/post"}],"author":[{"embeddable":true,"href":"https:\/\/maricatotal.com.br\/site\/wp-json\/wp\/v2\/users\/1"}],"replies":[{"embeddable":true,"href":"https:\/\/maricatotal.com.br\/site\/wp-json\/wp\/v2\/comments?post=9570"}],"version-history":[{"count":0,"href":"https:\/\/maricatotal.com.br\/site\/wp-json\/wp\/v2\/posts\/9570\/revisions"}],"wp:featuredmedia":[{"embeddable":true,"href":"https:\/\/maricatotal.com.br\/site\/wp-json\/wp\/v2\/media\/9566"}],"wp:attachment":[{"href":"https:\/\/maricatotal.com.br\/site\/wp-json\/wp\/v2\/media?parent=9570"}],"wp:term":[{"taxonomy":"category","embeddable":true,"href":"https:\/\/maricatotal.com.br\/site\/wp-json\/wp\/v2\/categories?post=9570"},{"taxonomy":"post_tag","embeddable":true,"href":"https:\/\/maricatotal.com.br\/site\/wp-json\/wp\/v2\/tags?post=9570"}],"curies":[{"name":"wp","href":"https:\/\/api.w.org\/{rel}","templated":true}]}}