{"id":9717,"date":"2020-05-04T07:52:36","date_gmt":"2020-05-04T10:52:36","guid":{"rendered":"http:\/\/maricatotal.com.br\/site\/?p=9717"},"modified":"2020-05-04T07:55:01","modified_gmt":"2020-05-04T10:55:01","slug":"coronavirus-marica-tem-aumento-de-37-casos-e-5-obitos-em-uma-semana","status":"publish","type":"post","link":"https:\/\/maricatotal.com.br\/site\/2020\/05\/04\/coronavirus-marica-tem-aumento-de-37-casos-e-5-obitos-em-uma-semana\/","title":{"rendered":"CORONAV\u00cdRUS: MARIC\u00c1 TEM AUMENTO DE 37 CASOS E 5 \u00d3BITOS EM UMA SEMANA"},"content":{"rendered":"\n<p>O munic\u00edpio de Maric\u00e1 teve um aumento de 37 casos confirmados sendo 5 \u00f3bitos de Covid-19 em apenas 7 dias, segundo a Secretaria Municipal de Sa\u00fade. <\/p>\n\n\n\n<p>No dia 26\/04, domingo, a cidade registrava 54 pacientes infectados com o novo coronav\u00edrus, com 7 \u00f3bitos. Nesta segunda-feira, Maric\u00e1 segue com 91 casos confirmados e 12 \u00f3bitos.<\/p>\n\n\n\n<p>Mesmo com diversas medidas em combate a pandemia, como barreiras sanit\u00e1rias e a distribui\u00e7\u00e3o de 150 mil m\u00e1scaras em todo munic\u00edpio, o aumento foi extremamente grande, sendo a semana com mais pacientes infectados. <\/p>\n\n\n\n<p>A partir de hoje, o uso de m\u00e1scaras \u00e9 obrigat\u00f3rio em todo munic\u00edpio de Maric\u00e1. Quem descumprir o decreto, poder\u00e1 ser preso ou multado.<\/p>\n\n\n\n<p>O decreto de fechamento do com\u00e9rcio e servi\u00e7os segue at\u00e9 o pr\u00f3ximo dia 10 de maio. <\/p>\n\n\n\n<figure class=\"wp-block-image size-large\"><img loading=\"lazy\" decoding=\"async\" width=\"818\" height=\"1024\" src=\"http:\/\/maricatotal.com.br\/site\/wp-content\/uploads\/2020\/05\/95410039_2895330343883186_1128715279379988480_o-818x1024.jpg\" alt=\"\" class=\"wp-image-9720\" srcset=\"https:\/\/maricatotal.com.br\/site\/wp-content\/uploads\/2020\/05\/95410039_2895330343883186_1128715279379988480_o-818x1024.jpg 818w, https:\/\/maricatotal.com.br\/site\/wp-content\/uploads\/2020\/05\/95410039_2895330343883186_1128715279379988480_o-240x300.jpg 240w, https:\/\/maricatotal.com.br\/site\/wp-content\/uploads\/2020\/05\/95410039_2895330343883186_1128715279379988480_o-768x961.jpg 768w, https:\/\/maricatotal.com.br\/site\/wp-content\/uploads\/2020\/05\/95410039_2895330343883186_1128715279379988480_o.jpg 1023w\" sizes=\"auto, (max-width: 818px) 100vw, 818px\" \/><\/figure>\n\n\n\n<p><\/p>\n","protected":false},"excerpt":{"rendered":"<p>O munic\u00edpio de Maric\u00e1 teve um aumento de 37 casos confirmados sendo 5 \u00f3bitos de Covid-19 em apenas 7 dias,<\/p>\n","protected":false},"author":1,"featured_media":9718,"comment_status":"open","ping_status":"open","sticky":false,"template":"","format":"standard","meta":{"colormag_page_container_layout":"default_layout","colormag_page_sidebar_layout":"default_layout","footnotes":""},"categories":[18],"tags":[],"class_list":["post-9717","post","type-post","status-publish","format-standard","has-post-thumbnail","hentry","category-entretenimento"],"amp_enabled":true,"_links":{"self":[{"href":"https:\/\/maricatotal.com.br\/site\/wp-json\/wp\/v2\/posts\/9717","targetHints":{"allow":["GET"]}}],"collection":[{"href":"https:\/\/maricatotal.com.br\/site\/wp-json\/wp\/v2\/posts"}],"about":[{"href":"https:\/\/maricatotal.com.br\/site\/wp-json\/wp\/v2\/types\/post"}],"author":[{"embeddable":true,"href":"https:\/\/maricatotal.com.br\/site\/wp-json\/wp\/v2\/users\/1"}],"replies":[{"embeddable":true,"href":"https:\/\/maricatotal.com.br\/site\/wp-json\/wp\/v2\/comments?post=9717"}],"version-history":[{"count":0,"href":"https:\/\/maricatotal.com.br\/site\/wp-json\/wp\/v2\/posts\/9717\/revisions"}],"wp:featuredmedia":[{"embeddable":true,"href":"https:\/\/maricatotal.com.br\/site\/wp-json\/wp\/v2\/media\/9718"}],"wp:attachment":[{"href":"https:\/\/maricatotal.com.br\/site\/wp-json\/wp\/v2\/media?parent=9717"}],"wp:term":[{"taxonomy":"category","embeddable":true,"href":"https:\/\/maricatotal.com.br\/site\/wp-json\/wp\/v2\/categories?post=9717"},{"taxonomy":"post_tag","embeddable":true,"href":"https:\/\/maricatotal.com.br\/site\/wp-json\/wp\/v2\/tags?post=9717"}],"curies":[{"name":"wp","href":"https:\/\/api.w.org\/{rel}","templated":true}]}}