{"id":9739,"date":"2020-05-04T18:18:58","date_gmt":"2020-05-04T21:18:58","guid":{"rendered":"http:\/\/maricatotal.com.br\/site\/?p=9739"},"modified":"2020-05-04T18:18:59","modified_gmt":"2020-05-04T21:18:59","slug":"fluxogramas-de-movimentacao-de-profissionais-e-pacientes-do-hospital-che-guevara","status":"publish","type":"post","link":"https:\/\/maricatotal.com.br\/site\/2020\/05\/04\/fluxogramas-de-movimentacao-de-profissionais-e-pacientes-do-hospital-che-guevara\/","title":{"rendered":"FLUXOGRAMAS DE MOVIMENTA\u00c7\u00c3O DE PROFISSIONAIS E PACIENTES DO HOSPITAL CHE GUEVARA"},"content":{"rendered":"\n<p>Estudar a planta de um hospital \u00e9 estritamente necess\u00e1rio para a montagem do mapa de movimenta\u00e7\u00e3o de pacientes e profissionais colaboradores. Como o Hospital Municipal Dr. Ernesto Che Guevara (HMDECG) ser\u00e1 especializado no tratamento de pacientes com Covid-19, todo o fluxograma de entrada, sa\u00edda e movimenta\u00e7\u00e3o foi feito especificamente levando em conta a responsabilidade de proteger os profissionais envolvidos da contamina\u00e7\u00e3o pelo novo Corona V\u00edrus.<\/p>\n\n\n\n<p>No ch\u00e3o, pelos corredores do hospital onde passar\u00e3o pacientes infectados, \u00e9 poss\u00edvel ver faixas azuis que demarcam as \u00e1reas de tr\u00e2nsito de Covid-19. J\u00e1 pacientes que derem entrada com trauma, v\u00e3o ser deslocados apenas pelos corredores com faixas amarelas no ch\u00e3o. \u00c9 bom lembrar que o Che \u00e9 especializado em Covid-19, por\u00e9m se houver a necessidade urgente por conta de um acidente na porta do hospital, que fica no Km 23 da Rodovia RJ-106, o paciente ser\u00e1 recebido em uma entrada separada, estabilizado e transferido para o Hospital Municipal Conde Modesto Legal, no Centro de Maric\u00e1.<\/p>\n\n\n\n<p>O fluxograma foi criado pela enfermeira especialista em controle de infec\u00e7\u00e3o, coordenadora da Comiss\u00e3o de Controle de Infec\u00e7\u00e3o Hospitalar pelo Centro Especializado em Pol\u00edticas P\u00fablicas (CEPP \u2013 Organiza\u00e7\u00e3o Social respons\u00e1vel pela gest\u00e3o do hospital) Karina Lima e pela enfermeira docente Vivian Linhares, com a supervis\u00e3o da enfermeira Suzane Menezes, da equipe de implanta\u00e7\u00e3o. Os fluxogramas de atendimento para os casos Covid-19 desenhados na planta do hospital s\u00e3o de Laborat\u00f3rio, do Servi\u00e7o de Nutri\u00e7\u00e3o e Diet\u00e9tica, da Farm\u00e1cia, da Rouparia, dos Res\u00edduos e do Morgue (sa\u00edda de cad\u00e1ver).<\/p>\n\n\n\n<p>\u201cGosto muito de fazer esse trabalho inicial e emergente, de preparar os lugares para receber esse projeto de atendimento \u00e0 Covid-19. Estamos fazendo essa implanta\u00e7\u00e3o desde a terceira semana de abril. Desde essa data, me mantenho longe da minha fam\u00edlia. Optei por ficar isolada em casa, j\u00e1 que meu filho tem asma e meus pais s\u00e3o idosos. Ver todo o trabalho sendo constru\u00eddo \u00e9 absurdamente gratificante\u201d, ressalta Karina, m\u00e3e do Felipe, de 14 anos.<\/p>\n\n\n\n<p>A t\u00e9cnica de enfermagem Vera L\u00facia de Oliveira da Silva, de 49 anos, \u00e9 moradora de Maric\u00e1 e contou que seu celular n\u00e3o para nos \u00faltimos dias, desde que soube que iria trabalhar no Che. S\u00e3o familiares e amigos ligando e mandando mensagens com o intuito de parabeniz\u00e1-la.<\/p>\n\n\n\n<p>\u201cA expectativa em cima do Che \u00e9 enorme. Ele chega em um momento crucial para a popula\u00e7\u00e3o. Est\u00e3o todos em \u00eaxtase. E eu muito feliz e orgulhosa por trabalhar aqui\u201d, comemora a enfermeira t\u00e9cnica.<\/p>\n\n\n\n<p>Em rela\u00e7\u00e3o ao fluxograma de movimenta\u00e7\u00e3o do hospital, Vera diz que \u00e9 de extrema import\u00e2ncia esse desenho e orienta\u00e7\u00e3o, ponto alto da gest\u00e3o da unidade de sa\u00fade e uma prova de que est\u00e3o come\u00e7ando j\u00e1 preparados.<\/p>\n\n\n\n<p>\u201cTrabalho em outros hospitais particulares e p\u00fablicos e eles est\u00e3o agindo de forma improvisada, porque n\u00e3o estavam preparados para a Covid-19. Todos t\u00eam CTIs normais, n\u00e3o especializadas para receber doentes como o novo Corona V\u00edrus. S\u00e3o todos de portas abertas, ent\u00e3o os doentes acabam se misturando e aumentando a chance de contamina\u00e7\u00e3o. Aqui no Che \u00e9 diferente: j\u00e1 existe a identifica\u00e7\u00e3o das alas e isso impede o tr\u00e2nsito de pessoas de outras alas\u201d, explica Vera.<\/p>\n\n\n\n<p>\u00c9 bom lembrar que todos os profissionais est\u00e3o recebendo os Equipamentos de Prote\u00e7\u00e3o Individuais (EPIS) necess\u00e1rios e adequados \u00e0s suas \u00e1reas de atua\u00e7\u00e3o no Hospital Municipal Dr. Ernesto Che Guevara (HMDECG).<\/p>\n","protected":false},"excerpt":{"rendered":"<p>Estudar a planta de um hospital \u00e9 estritamente necess\u00e1rio para a montagem do mapa de movimenta\u00e7\u00e3o de pacientes e profissionais<\/p>\n","protected":false},"author":1,"featured_media":9740,"comment_status":"open","ping_status":"open","sticky":false,"template":"","format":"standard","meta":{"colormag_page_container_layout":"default_layout","colormag_page_sidebar_layout":"default_layout","footnotes":""},"categories":[18],"tags":[],"class_list":["post-9739","post","type-post","status-publish","format-standard","has-post-thumbnail","hentry","category-entretenimento"],"amp_enabled":true,"_links":{"self":[{"href":"https:\/\/maricatotal.com.br\/site\/wp-json\/wp\/v2\/posts\/9739","targetHints":{"allow":["GET"]}}],"collection":[{"href":"https:\/\/maricatotal.com.br\/site\/wp-json\/wp\/v2\/posts"}],"about":[{"href":"https:\/\/maricatotal.com.br\/site\/wp-json\/wp\/v2\/types\/post"}],"author":[{"embeddable":true,"href":"https:\/\/maricatotal.com.br\/site\/wp-json\/wp\/v2\/users\/1"}],"replies":[{"embeddable":true,"href":"https:\/\/maricatotal.com.br\/site\/wp-json\/wp\/v2\/comments?post=9739"}],"version-history":[{"count":0,"href":"https:\/\/maricatotal.com.br\/site\/wp-json\/wp\/v2\/posts\/9739\/revisions"}],"wp:featuredmedia":[{"embeddable":true,"href":"https:\/\/maricatotal.com.br\/site\/wp-json\/wp\/v2\/media\/9740"}],"wp:attachment":[{"href":"https:\/\/maricatotal.com.br\/site\/wp-json\/wp\/v2\/media?parent=9739"}],"wp:term":[{"taxonomy":"category","embeddable":true,"href":"https:\/\/maricatotal.com.br\/site\/wp-json\/wp\/v2\/categories?post=9739"},{"taxonomy":"post_tag","embeddable":true,"href":"https:\/\/maricatotal.com.br\/site\/wp-json\/wp\/v2\/tags?post=9739"}],"curies":[{"name":"wp","href":"https:\/\/api.w.org\/{rel}","templated":true}]}}