{"id":9877,"date":"2020-05-07T19:06:40","date_gmt":"2020-05-07T22:06:40","guid":{"rendered":"http:\/\/maricatotal.com.br\/site\/?p=9877"},"modified":"2020-05-17T22:27:11","modified_gmt":"2020-05-18T01:27:11","slug":"morador-do-boqueirao-e-o-15o-obito-por-covid-19","status":"publish","type":"post","link":"https:\/\/maricatotal.com.br\/site\/2020\/05\/07\/morador-do-boqueirao-e-o-15o-obito-por-covid-19\/","title":{"rendered":"MORADOR DO BOQUEIR\u00c3O \u00c9 O 15\u00ba \u00d3BITO POR COVID-19"},"content":{"rendered":"\n<p>A Secretaria de Sa\u00fade de Maric\u00e1 confirmou, na tarde desta quinta-feira (07\/05), o 15\u00ba \u00f3bito relacionado \u00e0 Covid-19. Trata-se de um paciente de 56 anos, morador do Boqueir\u00e3o. Portador de cardiopatias, estava internado em uma unidade de sa\u00fade fora do munic\u00edpio.<\/p>\n\n\n\n<p>O \u00f3bito ocorreu ainda em abril, mas apenas nesta quinta-feira foi liberado o laudo do teste realizado pelo Laborat\u00f3rio Noel Nutels (Lacen), com o resultado de confirmado para SARS Cov-2. A equipe de Vigil\u00e2ncia Epidemiol\u00f3gica e a Rede de Aten\u00e7\u00e3o B\u00e1sica permanecer\u00e3o monitorando a fam\u00edlia.<\/p>\n","protected":false},"excerpt":{"rendered":"<p>A Secretaria de Sa\u00fade de Maric\u00e1 confirmou, na tarde desta quinta-feira (07\/05), o 15\u00ba \u00f3bito relacionado \u00e0 Covid-19. Trata-se de<\/p>\n","protected":false},"author":1,"featured_media":9435,"comment_status":"open","ping_status":"open","sticky":false,"template":"","format":"standard","meta":{"colormag_page_container_layout":"default_layout","colormag_page_sidebar_layout":"default_layout","footnotes":""},"categories":[18],"tags":[],"class_list":["post-9877","post","type-post","status-publish","format-standard","has-post-thumbnail","hentry","category-entretenimento"],"amp_enabled":true,"_links":{"self":[{"href":"https:\/\/maricatotal.com.br\/site\/wp-json\/wp\/v2\/posts\/9877","targetHints":{"allow":["GET"]}}],"collection":[{"href":"https:\/\/maricatotal.com.br\/site\/wp-json\/wp\/v2\/posts"}],"about":[{"href":"https:\/\/maricatotal.com.br\/site\/wp-json\/wp\/v2\/types\/post"}],"author":[{"embeddable":true,"href":"https:\/\/maricatotal.com.br\/site\/wp-json\/wp\/v2\/users\/1"}],"replies":[{"embeddable":true,"href":"https:\/\/maricatotal.com.br\/site\/wp-json\/wp\/v2\/comments?post=9877"}],"version-history":[{"count":0,"href":"https:\/\/maricatotal.com.br\/site\/wp-json\/wp\/v2\/posts\/9877\/revisions"}],"wp:featuredmedia":[{"embeddable":true,"href":"https:\/\/maricatotal.com.br\/site\/wp-json\/wp\/v2\/media\/9435"}],"wp:attachment":[{"href":"https:\/\/maricatotal.com.br\/site\/wp-json\/wp\/v2\/media?parent=9877"}],"wp:term":[{"taxonomy":"category","embeddable":true,"href":"https:\/\/maricatotal.com.br\/site\/wp-json\/wp\/v2\/categories?post=9877"},{"taxonomy":"post_tag","embeddable":true,"href":"https:\/\/maricatotal.com.br\/site\/wp-json\/wp\/v2\/tags?post=9877"}],"curies":[{"name":"wp","href":"https:\/\/api.w.org\/{rel}","templated":true}]}}