{"id":9904,"date":"2020-05-08T14:03:33","date_gmt":"2020-05-08T17:03:33","guid":{"rendered":"http:\/\/maricatotal.com.br\/site\/?p=9904"},"modified":"2020-05-17T22:27:11","modified_gmt":"2020-05-18T01:27:11","slug":"rio-de-janeiro-estuda-medidas-para-adocao-de-lockdown","status":"publish","type":"post","link":"https:\/\/maricatotal.com.br\/site\/2020\/05\/08\/rio-de-janeiro-estuda-medidas-para-adocao-de-lockdown\/","title":{"rendered":"RIO DE JANEIRO ESTUDA MEDIDAS PARA ADO\u00c7\u00c3O DE LOCKDOWN"},"content":{"rendered":"\n<p>O governo do Rio&nbsp;de Janeiro&nbsp;estuda a possibilidade de adotar medidas de isolamento total no estado, o chamado&nbsp;lockdown, para diminuir o cont\u00e1gio pelo novo coronav\u00edrus e ajudar a conter a expans\u00e3o da pandemia de covid-19.<\/p>\n\n\n\n<p>Entre as a\u00e7\u00f5es que podem ser adotadas est\u00e3o o bloqueio de todas as entradas do estado e as intermunicipais; a proibi\u00e7\u00e3o da circula\u00e7\u00e3o de pessoas e ve\u00edculos particulares nas cidades; e a cria\u00e7\u00e3o de um documento de autodeclara\u00e7\u00e3o para quem necessite circular nas cidades, com uso obrigat\u00f3rio de m\u00e1scara.<\/p>\n\n\n\n<p>As exce\u00e7\u00f5es seriam para as atividades de seguran\u00e7a, manuten\u00e7\u00e3o da vida e da sa\u00fade, para compras de g\u00eaneros aliment\u00edcios e servi\u00e7os essenciais de entrega em domic\u00edlio. As informa\u00e7\u00f5es constam em of\u00edcio enviado&nbsp;ontem&nbsp;(7) pelo governador Wilson Witzel ao&nbsp;Minist\u00e9rio P\u00fablico do Estado do Rio&nbsp;de Janeiro&nbsp;(MPRJ), que recomendou ao governo que elaborasse o estudo.<\/p>\n\n\n\n<p>Segundo o documento, o governador determinou que o chefe do Gabinete de Acompanhamento e Fiscaliza\u00e7\u00e3o elabore uma \u201cproposta de conte\u00fado com subs\u00eddios para que seja decretado o&nbsp;lockdown\u201d, junto com as secretarias de Estado de Governo, da Sa\u00fade, do Desenvolvimento Econ\u00f4mico, Energia e Rela\u00e7\u00f5es Internacionais, de Transportes, da Pol\u00edcia Militar, Pol\u00edcia Civil, Corpo de Bombeiros Militar e Defesa&nbsp; Civil.<\/p>\n\n\n\n<p>No of\u00edcio, o governo admite que o aumento no n\u00famero de casos graves \u201cest\u00e1 caminhando para o consequente colapso do sistema de sa\u00fade\u201d e que a pandemia \u201cainda n\u00e3o atingiu o auge\u201d no estado. O documento ressalta que \u201cos esfor\u00e7os empreendidos para ampliar a rede de servi\u00e7os de sa\u00fade t\u00eam sido insuficientes para estabelecer uma retaguarda segura\u201d, e que a covid-19 tem levado \u00e0 interna\u00e7\u00e3o grupos et\u00e1rios abaixo dos 50 anos.<\/p>\n\n\n\n<p>O documento justifica que n\u00e3o houve ades\u00e3o \u00e0s medidas de isolamento por parte da popula\u00e7\u00e3o fluminense, na propor\u00e7\u00e3o esperada em torno de 70%, e que \u201ca experi\u00eancia internacional mostrou que o aprofundamento das medidas restritivas foram fundamentais para a redu\u00e7\u00e3o do n\u00famero de casos e \u00f3bitos\u201d.<\/p>\n\n\n\n<p>O mesmo grupo vai elaborar tamb\u00e9m um plano de sa\u00edda do isolamento total, que deve incluir \u201cum conjunto de medidas voltadas para a sa\u00fade da popula\u00e7\u00e3o e da economia do estado\u201d, com indicadores para balizar os momentos ou fases da abertura. A sa\u00edda do&nbsp;lockdown&nbsp;\u201cser\u00e1 lenta e gradual, acompanhada por robustas medidas de fiscaliza\u00e7\u00e3o, acompanhamento e aplica\u00e7\u00e3o de san\u00e7\u00f5es\u201d.<\/p>\n\n\n\n<p>O plano deve ser combinado com estrat\u00e9gias de testagem em massa, para \u201cmonitorar a intensidade de portadores de anticorpos na popula\u00e7\u00e3o, sua varia\u00e7\u00e3o temporal e a identifica\u00e7\u00e3o de indiv\u00edduos transmissores e seus contatos\u201d. O governador manifestou ainda a inten\u00e7\u00e3o de integrar os esfor\u00e7os do planejamento e da coordena\u00e7\u00e3o das medidas com as prefeituras e lideran\u00e7as comunit\u00e1rias das favelas e bairros da periferia.<\/p>\n\n\n\n<p>Em nota, o governo do estado confirmou as informa\u00e7\u00f5es divulgadas pelo MPRJ.<\/p>\n\n\n\n<p><strong>Fiocruz<\/strong><\/p>\n\n\n\n<p>No of\u00edcio, o governo informa que recebeu relat\u00f3rio da Funda\u00e7\u00e3o Oswaldo Cruz (Fiocruz) sobre o avan\u00e7o da pandemia e destaca que est\u00e1 \u201cperfeitamente alinhado\u201d com a Fiocruz \u201cno que concerne \u00e0 defesa da vida e \u00e0 prote\u00e7\u00e3o e seguran\u00e7a da popula\u00e7\u00e3o fluminense\u201d.<\/p>\n\n\n\n<p>No relat\u00f3rio, divulgado pelo MPRJ, a Fiocruz destaca que \u201ca n\u00e3o ado\u00e7\u00e3o de medidas imediatas de&nbsp;lockdown&nbsp;pode levar a um per\u00edodo prolongado de escassez de leitos e insumos, com sofrimento e morte para milhares de cidad\u00e3os e fam\u00edlias do estado\u201d.<\/p>\n\n\n\n<p>A institui\u00e7\u00e3o afirma que o Rio&nbsp;\u00e9 o segundo estado com a situa\u00e7\u00e3o mais grave da pandemia, que est\u00e1 se expandindo para o interior, o que justifica a ado\u00e7\u00e3o do isolamento total.<\/p>\n\n\n\n<p>\u201cCaso n\u00e3o sejam tomadas medidas mais r\u00edgidas de distanciamento social no Rio&nbsp;de Janeiro, especialistas projetam um agravamento da situa\u00e7\u00e3o epidemiol\u00f3gica e de insufici\u00eancia de leitos no m\u00eas&nbsp;de maio&nbsp;de 2020, que pode se prolongar e levar a um n\u00famero expressivo de mortes que poderiam ser evitadas\u201d, disse&nbsp; a Fiocruz.<\/p>\n\n\n\n<p>A institui\u00e7\u00e3o explicou que em pa\u00edses como a China, It\u00e1lia, Espanha, Fran\u00e7a e Alemanha, a ado\u00e7\u00e3o de medidas mais r\u00edgidas de confinamento contribu\u00edram para desacelerar o crescimento da curva de casos de covid-19, conseguindo \u201cmanter a demanda dos servi\u00e7os hospitalares e de cuidados intensivos compat\u00edveis com a oferta\u201d.<\/p>\n\n\n\n<p>J\u00e1 a ado\u00e7\u00e3o de&nbsp;lockdown&nbsp;tardiamente, como feito no Reino Unido, \u201cresultaria em uma cat\u00e1strofe humana de propor\u00e7\u00f5es inimagin\u00e1veis para um pa\u00eds com a dimens\u00e3o do Brasil\u201d, de acordo com a Fiocruz. Segundo os dados do painel de acompanhamento mundial do coronav\u00edrus da&nbsp;Universidade Johns Hopkins, nos Estados Unidos, o Reino Unido se aproxima dos 208 mil casos, o quarto pa\u00eds com o maior n\u00famero de pessoas contaminadas, e 30.689 mortes, atr\u00e1s apenas dos Estados Unidos em n\u00famero de \u00f3bitos por covid-19.<\/p>\n\n\n\n<p>Segundo a Fiocruz, o planejamento para o isolamento total e a abertura gradual deve ser estruturado de forma que possa ser repetido pelos pr\u00f3ximos dois anos.<\/p>\n\n\n\n<p>\u201cComo parte de seu compromisso com a vida, com o Sistema \u00danico de Sa\u00fade e com a sa\u00fade da popula\u00e7\u00e3o, a Fiocruz n\u00e3o apenas recomenda, mas defende a ado\u00e7\u00e3o urgente de medidas r\u00edgidas de distanciamento social no estado do Rio&nbsp;de Janeiro&nbsp;para que se possa responder ao grande desafio de uma crise de dimens\u00f5es sanit\u00e1ria e humanit\u00e1ria e salvar o maior n\u00famero de vidas poss\u00edvel\u201d. (Ag\u00eancia Brasil)<a href=\"http:\/\/www.facebook.com\/sharer.php?u=http%3A%2F%2Fmwl.press%2Fosg81976\"><\/a><a href=\"https:\/\/twitter.com\/intent\/tweet?text=Rio%20de%20Janeiro%20estuda%20medidas%20para%20ado%C3%A7%C3%A3o%20de%20lockdown&amp;via=jornalosg&amp;url=http%3A%2F%2Fmwl.press%2Fosg81976\"><\/a><a href=\"https:\/\/www.osaogoncalo.com.br\/Mail\/Share\/?url=http%3A%2F%2Fmwl.press%2Fosg81976&amp;header=Rio%20de%20Janeiro%20estuda%20medidas%20para%20ado%C3%A7%C3%A3o%20de%20lockdown\"><\/a><a href=\"https:\/\/api.whatsapp.com\/send?text=http%3A%2F%2Fmwl.press%2Fosg81976\"><br>\n\n<\/a><\/p>\n","protected":false},"excerpt":{"rendered":"<p>O governo do Rio&nbsp;de Janeiro&nbsp;estuda a possibilidade de adotar medidas de isolamento total no estado, o chamado&nbsp;lockdown, para diminuir o<\/p>\n","protected":false},"author":1,"featured_media":9905,"comment_status":"open","ping_status":"open","sticky":false,"template":"","format":"standard","meta":{"colormag_page_container_layout":"default_layout","colormag_page_sidebar_layout":"default_layout","footnotes":""},"categories":[17],"tags":[],"class_list":["post-9904","post","type-post","status-publish","format-standard","has-post-thumbnail","hentry","category-politica"],"amp_enabled":true,"_links":{"self":[{"href":"https:\/\/maricatotal.com.br\/site\/wp-json\/wp\/v2\/posts\/9904","targetHints":{"allow":["GET"]}}],"collection":[{"href":"https:\/\/maricatotal.com.br\/site\/wp-json\/wp\/v2\/posts"}],"about":[{"href":"https:\/\/maricatotal.com.br\/site\/wp-json\/wp\/v2\/types\/post"}],"author":[{"embeddable":true,"href":"https:\/\/maricatotal.com.br\/site\/wp-json\/wp\/v2\/users\/1"}],"replies":[{"embeddable":true,"href":"https:\/\/maricatotal.com.br\/site\/wp-json\/wp\/v2\/comments?post=9904"}],"version-history":[{"count":0,"href":"https:\/\/maricatotal.com.br\/site\/wp-json\/wp\/v2\/posts\/9904\/revisions"}],"wp:featuredmedia":[{"embeddable":true,"href":"https:\/\/maricatotal.com.br\/site\/wp-json\/wp\/v2\/media\/9905"}],"wp:attachment":[{"href":"https:\/\/maricatotal.com.br\/site\/wp-json\/wp\/v2\/media?parent=9904"}],"wp:term":[{"taxonomy":"category","embeddable":true,"href":"https:\/\/maricatotal.com.br\/site\/wp-json\/wp\/v2\/categories?post=9904"},{"taxonomy":"post_tag","embeddable":true,"href":"https:\/\/maricatotal.com.br\/site\/wp-json\/wp\/v2\/tags?post=9904"}],"curies":[{"name":"wp","href":"https:\/\/api.w.org\/{rel}","templated":true}]}}