{"id":9986,"date":"2020-05-11T06:59:42","date_gmt":"2020-05-11T09:59:42","guid":{"rendered":"http:\/\/maricatotal.com.br\/site\/?p=9986"},"modified":"2020-05-17T22:31:21","modified_gmt":"2020-05-18T01:31:21","slug":"areas-publicas-tem-iluminacao-reduzida-para-diminuir-circulacao-noturna","status":"publish","type":"post","link":"https:\/\/maricatotal.com.br\/site\/2020\/05\/11\/areas-publicas-tem-iluminacao-reduzida-para-diminuir-circulacao-noturna\/","title":{"rendered":"\u00c1REAS P\u00daBLICAS TEM ILUMINA\u00c7\u00c3O REDUZIDA PARA DIMINUIR CIRCULA\u00c7\u00c3O NOTURNA"},"content":{"rendered":"\n<p>Com o intuito de reduzir a circula\u00e7\u00e3o de pessoas durante a noite por conta do isolamento social, a Secretaria de Ilumina\u00e7\u00e3o P\u00fablica de Maric\u00e1 est\u00e1 reduzindo e luminosidade de algumas \u00e1reas p\u00fablicas de lazer da cidade que ainda apresentavam uma frequ\u00eancia alta nesses hor\u00e1rios. A medida que reduz, em m\u00e9dia 30% a ilumina\u00e7\u00e3o, foi adotada em pra\u00e7as como a de Zacarias (na Barra), Ferreirinha e da Rua 70 (em Itaipua\u00e7u), al\u00e9m das quadras polivalentes terem a ilumina\u00e7\u00e3o permanentemente desligadas.<\/p>\n\n\n\n<p>De acordo com a secretaria, ainda n\u00e3o h\u00e1 n\u00fameros concretos, mas j\u00e1 foi percebida uma diminui\u00e7\u00e3o na frequ\u00eancia dos locais onde houve a redu\u00e7\u00e3o.<\/p>\n\n\n\n<p>\u201cFocamos nos locais onde ainda havia informa\u00e7\u00e3o de muita gente indo \u00e0 rua durante a noite. Logicamente \u00e9 preciso zelar tamb\u00e9m pela seguran\u00e7a dos moradores e, por isso, parte da ilumina\u00e7\u00e3o foi mantida para que n\u00e3o haja criminalidade\u201d, ressaltou o secret\u00e1rio Leonardo Alvarenga.<\/p>\n\n\n\n<p>A pasta tem ainda projetos para este ano, como a substitui\u00e7\u00e3o das atuais l\u00e2mpadas nas ruas por pe\u00e7as de led, que s\u00e3o mais econ\u00f4micas e garantem maior luminosidade. Para 2021, h\u00e1 a previs\u00e3o de instalar lumin\u00e1rias num trecho de aproximadamente 20 quil\u00f4metros da rodovia RJ-106, que compreende o trecho urbano da via.<\/p>\n\n\n\n<p>Pelo projeto, est\u00e3o previstas 540 lumin\u00e1rias duplas com 1.080 l\u00e2mpadas que dever\u00e3o beneficiar a parte que vai da descida do Calaboca at\u00e9 a segunda entrada da cidade, no Flamengo. A a\u00e7\u00e3o ainda depende de uma autoriza\u00e7\u00e3o do Departamento de Estradas de Rodagem do Estado e, em seguida, haver\u00e1 um processo licitat\u00f3rio para sua execu\u00e7\u00e3o.<\/p>\n","protected":false},"excerpt":{"rendered":"<p>Com o intuito de reduzir a circula\u00e7\u00e3o de pessoas durante a noite por conta do isolamento social, a Secretaria de<\/p>\n","protected":false},"author":1,"featured_media":9987,"comment_status":"open","ping_status":"open","sticky":false,"template":"","format":"standard","meta":{"colormag_page_container_layout":"default_layout","colormag_page_sidebar_layout":"default_layout","footnotes":""},"categories":[14],"tags":[],"class_list":["post-9986","post","type-post","status-publish","format-standard","has-post-thumbnail","hentry","category-bairros"],"amp_enabled":true,"_links":{"self":[{"href":"https:\/\/maricatotal.com.br\/site\/wp-json\/wp\/v2\/posts\/9986","targetHints":{"allow":["GET"]}}],"collection":[{"href":"https:\/\/maricatotal.com.br\/site\/wp-json\/wp\/v2\/posts"}],"about":[{"href":"https:\/\/maricatotal.com.br\/site\/wp-json\/wp\/v2\/types\/post"}],"author":[{"embeddable":true,"href":"https:\/\/maricatotal.com.br\/site\/wp-json\/wp\/v2\/users\/1"}],"replies":[{"embeddable":true,"href":"https:\/\/maricatotal.com.br\/site\/wp-json\/wp\/v2\/comments?post=9986"}],"version-history":[{"count":0,"href":"https:\/\/maricatotal.com.br\/site\/wp-json\/wp\/v2\/posts\/9986\/revisions"}],"wp:featuredmedia":[{"embeddable":true,"href":"https:\/\/maricatotal.com.br\/site\/wp-json\/wp\/v2\/media\/9987"}],"wp:attachment":[{"href":"https:\/\/maricatotal.com.br\/site\/wp-json\/wp\/v2\/media?parent=9986"}],"wp:term":[{"taxonomy":"category","embeddable":true,"href":"https:\/\/maricatotal.com.br\/site\/wp-json\/wp\/v2\/categories?post=9986"},{"taxonomy":"post_tag","embeddable":true,"href":"https:\/\/maricatotal.com.br\/site\/wp-json\/wp\/v2\/tags?post=9986"}],"curies":[{"name":"wp","href":"https:\/\/api.w.org\/{rel}","templated":true}]}}